{"id":501126,"date":"2017-09-22T09:38:28","date_gmt":"2017-09-22T14:38:28","guid":{"rendered":"https:\/\/www.futboltotal.com.mx\/?p=501126"},"modified":"2017-09-22T09:38:28","modified_gmt":"2017-09-22T14:38:28","slug":"buffon-navas-neuer-candidatos-al-the-best-a-mejor-portero","status":"publish","type":"post","link":"http:\/\/desarrollo.grupomedios.com\/futbol\/futbol-internacional\/buffon-navas-neuer-candidatos-al-the-best-a-mejor-portero\/2017\/09","title":{"rendered":"Buffon, Navas y Neuer, candidatos al The Best a mejor portero"},"content":{"rendered":"<div id=\"texto\" class=\"texto_txt\">\n<div class=\"DETALLE_N_texto \">\n<p><span id=\"ctl14_lblMostra\">El italiano <strong>Gianluigi Buffon<\/strong> (<strong>Juventus<\/strong>), el costarricense <strong>Keylor Navas<\/strong> (<strong>Real Madrid<\/strong>) y el alem\u00e1n <strong>Manuel Neuer<\/strong> (<strong>Bayern M\u00fanich<\/strong>), son los tres finalistas al premio <strong><span class=\"classCadenaBusqueda\">The<\/span> <span class=\"classCadenaBusqueda\">Best<\/span><\/strong>\u00a0de la <strong>FIFA<\/strong> a mejor portero de 2017, seg\u00fan se anunci\u00f3 en Londres.<\/span><\/p>\n<p>&#8220;Ya era hora de que se premiara a un portero. Siempre se dice que la de guardameta es la segunda posici\u00f3n m\u00e1s importante del equipo, despu\u00e9s del delantero. Si no tienes un buen arquero no tienes un buen equipo&#8221;, asegur\u00f3 el hist\u00f3rico portero ingl\u00e9s Peter Shilton durante el anuncio.<\/p>\n<p style=\"text-align: center;\"><a href=\"https:\/\/www.futboltotal.com.mx\/2017\/09\/cristiano-messi-neymar-premio-the-best-a-mejor-jugador\/\" target=\"_blank\" rel=\"noopener\"><span style=\"color: #333399;\">VER M\u00c1S: Cristiano, Messi y Neymar, por el premio The Best a Mejor Jugador<\/span><\/a><\/p>\n<blockquote class=\"twitter-video\" data-lang=\"es\">\n<p dir=\"ltr\" lang=\"en\">Your 3\u20e3 candidates for <a href=\"https:\/\/twitter.com\/hashtag\/TheBest?src=hash\">#TheBest<\/a> FIFA Goalkeeper 2017 &#x1f450;<\/p>\n<p>&#x1f1ee;&#x1f1f9;<a href=\"https:\/\/twitter.com\/gianluigibuffon\">@gianluigibuffon<\/a><br \/>\n&#x1f1e8;&#x1f1f7;<a href=\"https:\/\/twitter.com\/NavasKeylor\">@NavasKeylor<\/a><br \/>\n&#x1f1e9;&#x1f1ea;<a href=\"https:\/\/twitter.com\/Manuel_Neuer\">@Manuel_Neuer<\/a><\/p>\n<p>Who will be crowned <a href=\"https:\/\/twitter.com\/hashtag\/TheBest?src=hash\">#TheBest<\/a>? &#x1f451; <a href=\"https:\/\/t.co\/xOKBuGzJ8U\">pic.twitter.com\/xOKBuGzJ8U<\/a><\/p>\n<p>\u2014 FIFA.com (@FIFAcom) <a href=\"https:\/\/twitter.com\/FIFAcom\/status\/911215562830876672\">22 de septiembre de 2017<\/a><\/p><\/blockquote>\n<p><script async src=\"\/\/platform.twitter.com\/widgets.js\" charset=\"utf-8\"><\/script><\/p>\n<p>&#8220;Mi favorito es Buffon, es alguien que ha demostrado su nivel durante muchos a\u00f1os y es consistente. Pero tambi\u00e9n esta Neuer, que tiene mucha actitud y es bueno f\u00edsicamente. Navas, por su parte, ha demostrado su calidad durante varias temporadas; es muy t\u00e9cnico&#8221;, a\u00f1adi\u00f3.<\/p>\n<\/div>\n<\/div>\n","protected":false},"excerpt":{"rendered":"<p>Los arqueros de Real Madrid, Juventus y Bayern Munich buscan ser el mejor de 2017.<\/p>\n","protected":false},"author":144,"featured_media":501128,"comment_status":"closed","ping_status":"closed","sticky":false,"template":"","format":"standard","meta":[],"categories":[3839],"tags":[361,6027,5590,6841,7588],"_links":{"self":[{"href":"http:\/\/desarrollo.grupomedios.com\/futbol\/wp-json\/wp\/v2\/posts\/501126"}],"collection":[{"href":"http:\/\/desarrollo.grupomedios.com\/futbol\/wp-json\/wp\/v2\/posts"}],"about":[{"href":"http:\/\/desarrollo.grupomedios.com\/futbol\/wp-json\/wp\/v2\/types\/post"}],"author":[{"embeddable":true,"href":"http:\/\/desarrollo.grupomedios.com\/futbol\/wp-json\/wp\/v2\/users\/144"}],"replies":[{"embeddable":true,"href":"http:\/\/desarrollo.grupomedios.com\/futbol\/wp-json\/wp\/v2\/comments?post=501126"}],"version-history":[{"count":1,"href":"http:\/\/desarrollo.grupomedios.com\/futbol\/wp-json\/wp\/v2\/posts\/501126\/revisions"}],"predecessor-version":[{"id":501129,"href":"http:\/\/desarrollo.grupomedios.com\/futbol\/wp-json\/wp\/v2\/posts\/501126\/revisions\/501129"}],"wp:featuredmedia":[{"embeddable":true,"href":"http:\/\/desarrollo.grupomedios.com\/futbol\/wp-json\/wp\/v2\/media\/501128"}],"wp:attachment":[{"href":"http:\/\/desarrollo.grupomedios.com\/futbol\/wp-json\/wp\/v2\/media?parent=501126"}],"wp:term":[{"taxonomy":"category","embeddable":true,"href":"http:\/\/desarrollo.grupomedios.com\/futbol\/wp-json\/wp\/v2\/categories?post=501126"},{"taxonomy":"post_tag","embeddable":true,"href":"http:\/\/desarrollo.grupomedios.com\/futbol\/wp-json\/wp\/v2\/tags?post=501126"}],"curies":[{"name":"wp","href":"https:\/\/api.w.org\/{rel}","templated":true}]}}