{"id":501138,"date":"2017-09-22T10:30:35","date_gmt":"2017-09-22T15:30:35","guid":{"rendered":"https:\/\/www.futboltotal.com.mx\/?p=501138"},"modified":"2017-09-22T10:30:35","modified_gmt":"2017-09-22T15:30:35","slug":"neymar-lista-psg-ante-montpellier-despierta-rumores","status":"publish","type":"post","link":"http:\/\/desarrollo.grupomedios.com\/futbol\/futbol-internacional\/neymar-lista-psg-ante-montpellier-despierta-rumores\/2017\/09","title":{"rendered":"Neymar, fuera de lista de PSG ante Montpellier, despierta rumores"},"content":{"rendered":"<div id=\"texto\" class=\"texto_txt\">\n<div class=\"DETALLE_N_texto \">\n<p><span id=\"ctl14_lblMostra\">El brasile\u00f1o <strong>Neymar<\/strong> se qued\u00f3 fuera de la lista de convocados del <strong>Paris Saint-Germain<\/strong> (<strong>PSG<\/strong>), que se mide el s\u00e1bado al <strong>Montpellier<\/strong> en la <strong>Liga francesa<\/strong>, debido a molestias en un pie, informan los medios franceses.<\/p>\n<p>Neymar, de 25 a\u00f1os, est\u00e1 en el centro de la pol\u00e9mica por su <a href=\"https:\/\/www.futboltotal.com.mx\/2017\/09\/asi-fue-la-discusion-neymar-cavani-en-triunfo-del-psg\/\" target=\"_blank\" rel=\"noopener\"><span style=\"color: #333399;\">disputa con el uruguayo <strong>Edinson Cavani<\/strong><\/span><\/a>, con quien discuti\u00f3 el pasado domingo para decidir qui\u00e9n lanzaba un penalti en el partido en el que se impusieron al <strong>Lyon<\/strong> (2-0).<\/p>\n<p>Seg\u00fan los medios locales, el golpe en el pie del brasile\u00f1o no debe comprometer su participaci\u00f3n en el encuentro de fase de grupos de la <strong>Champions League<\/strong> del mi\u00e9rcoles ante el <strong>Bayern Munich<\/strong>.<\/span><\/p>\n<p style=\"text-align: center;\"><span id=\"ctl14_lblMostra\"><a href=\"https:\/\/www.futboltotal.com.mx\/2017\/09\/andres-guardado-pide-apoyo-los-ninos-mexico\/\" target=\"_blank\" rel=\"noopener\"><span style=\"color: #333399;\">VER M\u00c1S: Andr\u00e9s Guardado pide apoyo para los ni\u00f1os de M\u00e9xico<\/span><\/a><\/span><\/p>\n<p><span id=\"ctl14_lblMostra\">En cinco partidos ligueros en Francia, Neymar suma cuatro goles y otras tantas asistencias.<\/p>\n<p>La prensa considera que la ausencia del delantero &#8216;Canarinho&#8217; no se debe a un apercibimiento del PSG por la actitud del brasile\u00f1o hacia Cavani y s\u00ed a una medida de precauci\u00f3n para que su estrella llegue fresca al mi\u00e9rcoles.<\/p>\n<p>No obstante, el descarte de Neymar caus\u00f3 sorpresa, ya que el entrenador espa\u00f1ol Unai Emery no hab\u00eda comentado que el delantero arrastrase molestias.<\/p>\n<p>Emery s\u00ed habl\u00f3 de los problemas f\u00edsicos de los argentinos \u00c1ngel Di Mar\u00eda y Javier Pastore y del italiano Marco Verratti.<\/p>\n<p>Durante los 15 minutos abiertos del entrenamiento del jueves, Neymar se entren\u00f3 normalmente con el resto de compa\u00f1eros.<\/span><\/p>\n<\/div>\n<\/div>\n","protected":false},"excerpt":{"rendered":"<p>Un aparente problema f\u00edsico margina al brasile\u00f1o para el duelo de la Ligue 1.<\/p>\n","protected":false},"author":144,"featured_media":499593,"comment_status":"closed","ping_status":"closed","sticky":false,"template":"","format":"standard","meta":[],"categories":[3839],"tags":[6037,458,6001,1376,114],"_links":{"self":[{"href":"http:\/\/desarrollo.grupomedios.com\/futbol\/wp-json\/wp\/v2\/posts\/501138"}],"collection":[{"href":"http:\/\/desarrollo.grupomedios.com\/futbol\/wp-json\/wp\/v2\/posts"}],"about":[{"href":"http:\/\/desarrollo.grupomedios.com\/futbol\/wp-json\/wp\/v2\/types\/post"}],"author":[{"embeddable":true,"href":"http:\/\/desarrollo.grupomedios.com\/futbol\/wp-json\/wp\/v2\/users\/144"}],"replies":[{"embeddable":true,"href":"http:\/\/desarrollo.grupomedios.com\/futbol\/wp-json\/wp\/v2\/comments?post=501138"}],"version-history":[{"count":1,"href":"http:\/\/desarrollo.grupomedios.com\/futbol\/wp-json\/wp\/v2\/posts\/501138\/revisions"}],"predecessor-version":[{"id":501139,"href":"http:\/\/desarrollo.grupomedios.com\/futbol\/wp-json\/wp\/v2\/posts\/501138\/revisions\/501139"}],"wp:featuredmedia":[{"embeddable":true,"href":"http:\/\/desarrollo.grupomedios.com\/futbol\/wp-json\/wp\/v2\/media\/499593"}],"wp:attachment":[{"href":"http:\/\/desarrollo.grupomedios.com\/futbol\/wp-json\/wp\/v2\/media?parent=501138"}],"wp:term":[{"taxonomy":"category","embeddable":true,"href":"http:\/\/desarrollo.grupomedios.com\/futbol\/wp-json\/wp\/v2\/categories?post=501138"},{"taxonomy":"post_tag","embeddable":true,"href":"http:\/\/desarrollo.grupomedios.com\/futbol\/wp-json\/wp\/v2\/tags?post=501138"}],"curies":[{"name":"wp","href":"https:\/\/api.w.org\/{rel}","templated":true}]}}