{"id":501147,"date":"2017-09-22T11:55:22","date_gmt":"2017-09-22T16:55:22","guid":{"rendered":"https:\/\/www.futboltotal.com.mx\/?p=501147"},"modified":"2017-09-22T11:55:22","modified_gmt":"2017-09-22T16:55:22","slug":"chucky-lozano-reaparecera-psv-ante-utrecht","status":"publish","type":"post","link":"http:\/\/desarrollo.grupomedios.com\/futbol\/futbol-internacional\/chucky-lozano-reaparecera-psv-ante-utrecht\/2017\/09","title":{"rendered":"Chucky Lozano reaparecer\u00e1 con el PSV ante el Utrecht"},"content":{"rendered":"<p>El atacante mexicano <strong>Hirving <em>Chucky<\/em> Lozano<\/strong> volver\u00e1 a la actividad en la <strong>Eredivisie<\/strong> holandesa con su equipo, el <strong>PSV Eindhoven<\/strong>, luego de que se cumpliera el castigo que recibi\u00f3 tras su pol\u00e9mica expulsi\u00f3n y se espera que sea parte del equipo titular ante el <strong>Utrecht<\/strong>.<\/p>\n<p>El <em><strong>Chucky<\/strong><\/em> originalmente fue castigado con tres partidos de suspensi\u00f3n tras la tarjeta roja que vio contra el <strong>Heerenveen<\/strong> por una falta que para muchos apenas debi\u00f3 ser de amonestaci\u00f3n.<\/p>\n<p style=\"text-align: center;\"><a href=\"https:\/\/www.futboltotal.com.mx\/2017\/09\/este-gol-la-liga-mx-esta-nominado-al-premio-puskas\/\" target=\"_blank\" rel=\"noopener\"><span style=\"color: #333399;\">VER M\u00c1S: Un jugador de la Liga MX competir\u00e1 por el premio Puskas al mejor gol<\/span><\/a><\/p>\n<p>Sin embargo, la Comisi\u00f3n Disciplinaria del futbol holand\u00e9s decidi\u00f3 hacer una reducci\u00f3n al castigo, dej\u00e1ndolo en dos partidos y uno opcional. Este \u00faltimo quiere decir que Lozano podr\u00e1 jugar ante <strong>Utrecht,<\/strong> pero deber\u00e1 mostrar buen comportamiento ya que de no ser as\u00ed al siguiente juego tendr\u00eda que cumplir con el tercer juego de suspensi\u00f3n.<\/p>\n<p>Despu\u00e9s de haberse perdido los partidos ante el <strong>Feyenoord<\/strong> en Liga y contra el <strong>SDC<\/strong> <strong>Putten<\/strong> en la Copa de la Liga holandesa, el <em><strong>Chucky<\/strong><\/em> espera reaparecer y volver a la senda del gol con la que arranc\u00f3 su etapa con el PSV.<\/p>\n","protected":false},"excerpt":{"rendered":"<p>Luego de que su castigo fuera reducido, el mexicano regresa a la acci\u00f3n en la Eredivisie.<\/p>\n","protected":false},"author":20,"featured_media":490915,"comment_status":"closed","ping_status":"closed","sticky":false,"template":"","format":"standard","meta":[],"categories":[3839],"tags":[6944,4403,5196,3224,10303],"_links":{"self":[{"href":"http:\/\/desarrollo.grupomedios.com\/futbol\/wp-json\/wp\/v2\/posts\/501147"}],"collection":[{"href":"http:\/\/desarrollo.grupomedios.com\/futbol\/wp-json\/wp\/v2\/posts"}],"about":[{"href":"http:\/\/desarrollo.grupomedios.com\/futbol\/wp-json\/wp\/v2\/types\/post"}],"author":[{"embeddable":true,"href":"http:\/\/desarrollo.grupomedios.com\/futbol\/wp-json\/wp\/v2\/users\/20"}],"replies":[{"embeddable":true,"href":"http:\/\/desarrollo.grupomedios.com\/futbol\/wp-json\/wp\/v2\/comments?post=501147"}],"version-history":[{"count":1,"href":"http:\/\/desarrollo.grupomedios.com\/futbol\/wp-json\/wp\/v2\/posts\/501147\/revisions"}],"predecessor-version":[{"id":501152,"href":"http:\/\/desarrollo.grupomedios.com\/futbol\/wp-json\/wp\/v2\/posts\/501147\/revisions\/501152"}],"wp:featuredmedia":[{"embeddable":true,"href":"http:\/\/desarrollo.grupomedios.com\/futbol\/wp-json\/wp\/v2\/media\/490915"}],"wp:attachment":[{"href":"http:\/\/desarrollo.grupomedios.com\/futbol\/wp-json\/wp\/v2\/media?parent=501147"}],"wp:term":[{"taxonomy":"category","embeddable":true,"href":"http:\/\/desarrollo.grupomedios.com\/futbol\/wp-json\/wp\/v2\/categories?post=501147"},{"taxonomy":"post_tag","embeddable":true,"href":"http:\/\/desarrollo.grupomedios.com\/futbol\/wp-json\/wp\/v2\/tags?post=501147"}],"curies":[{"name":"wp","href":"https:\/\/api.w.org\/{rel}","templated":true}]}}