{"id":501154,"date":"2017-09-22T12:32:40","date_gmt":"2017-09-22T17:32:40","guid":{"rendered":"https:\/\/www.futboltotal.com.mx\/?p=501154"},"modified":"2017-09-22T12:34:20","modified_gmt":"2017-09-22T17:34:20","slug":"equipazo-leon-entrego-150-toneladas-ayuda-victimas","status":"publish","type":"post","link":"http:\/\/desarrollo.grupomedios.com\/futbol\/destacado-home\/equipazo-leon-entrego-150-toneladas-ayuda-victimas\/2017\/09","title":{"rendered":"\u00a1Equipazo! Le\u00f3n entreg\u00f3 150 toneladas de ayuda para v\u00edctimas"},"content":{"rendered":"<p>El <strong>Club Le\u00f3n<\/strong> es uno de los equipos del futbol mexicano que <a href=\"https:\/\/www.futboltotal.com.mx\/2017\/09\/sismo-estadio-leon-se-convierte-en-centro-acopio\/\" target=\"_blank\" rel=\"noopener\"><span style=\"color: #333399;\">reaccionaron de manera inmediata apenas despu\u00e9s del <strong>temblor<\/strong> de 7.1 grados<\/span><\/a> que afect\u00f3 la zona centro de <strong>M\u00e9xico<\/strong>, reuniendo en poco menos de tres d\u00edas un total de 150 toneladas de aportaciones realizadas por la sociedad guanajuatense que ya se han repartido para apoyar a las v\u00edctimas de estados como <strong>Ciudad de M\u00e9xico, Morelos<\/strong> o<strong> Puebla<\/strong>.<\/p>\n<p>En redes sociales, el cuadro de la <strong><em>Fiera<\/em><\/strong> ha compartido testimonios de las aportaciones de la gente que acudi\u00f3 al <strong>estadio<\/strong> <strong>Nou Camp<\/strong>, que fungi\u00f3 como centro de acopio, y c\u00f3mo estas donaciones ya han estado llegando a las zonas afectadas.<\/p>\n<p style=\"text-align: center;\"><a href=\"https:\/\/www.futboltotal.com.mx\/2017\/09\/alan-pulido-gran-donativo-ayudar-a-mexico\/\" target=\"_blank\" rel=\"noopener\"><span style=\"color: #333399;\">VER M\u00c1S: Alan Pulido y su gran donativo para ayudar a M\u00e9xico<\/span><\/a><\/p>\n<p>&nbsp;<\/p>\n<blockquote class=\"twitter-tweet\" data-lang=\"es\">\n<p dir=\"ltr\" lang=\"es\">Ciudadanos de Le\u00f3n:ya lleg\u00f3 a Cd. de M\u00e9xico el cargamento consolidado de herramienta que enviamos hace 9hrs. Seguimos atestiguando destinos. <a href=\"https:\/\/t.co\/Oe8gOuYwLg\">pic.twitter.com\/Oe8gOuYwLg<\/a><\/p>\n<p>\u2014 Club Le\u00f3n (@clubleonfc) <a href=\"https:\/\/twitter.com\/clubleonfc\/status\/911125199801663488\">22 de septiembre de 2017<\/a><\/p><\/blockquote>\n<p><script async src=\"\/\/platform.twitter.com\/widgets.js\" charset=\"utf-8\"><\/script><\/p>\n<p>&nbsp;<\/p>\n<blockquote class=\"twitter-tweet\" data-lang=\"es\">\n<p dir=\"ltr\" lang=\"es\">Informaci\u00f3n del sexto contenedor que sale del Estadio Le\u00f3n rumbo a Cuernavaca, Morelos.<a href=\"https:\/\/twitter.com\/hashtag\/SerMexicanoEsUnOrgullo?src=hash\">#SerMexicanoEsUnOrgullo<\/a> &#x1f1f2;&#x1f1fd; <a href=\"https:\/\/t.co\/eJJ5HQ2KTY\">pic.twitter.com\/eJJ5HQ2KTY<\/a><\/p>\n<p>\u2014 Club Le\u00f3n (@clubleonfc) <a href=\"https:\/\/twitter.com\/clubleonfc\/status\/910946871878680581\">21 de septiembre de 2017<\/a><\/p><\/blockquote>\n<p><script async src=\"\/\/platform.twitter.com\/widgets.js\" charset=\"utf-8\"><\/script><\/p>\n<p>&nbsp;<\/p>\n<blockquote class=\"twitter-video\" data-lang=\"es\">\n<p dir=\"ltr\" lang=\"es\">&#x1f4e3; \u00a1Atenci\u00f3n! <a href=\"https:\/\/twitter.com\/EliasHdz08\">@EliasHdz08<\/a> env\u00eda mensaje para toda la gente de Le\u00f3n: Ma\u00f1ana ser\u00e1 el \u00faltimo d\u00eda en nuestro centro de acopio. \u00a1Los esperamos! &#x1f1f2;&#x1f1fd; <a href=\"https:\/\/t.co\/vGBIqlhAI4\">pic.twitter.com\/vGBIqlhAI4<\/a><\/p>\n<p>\u2014 Club Le\u00f3n (@clubleonfc) <a href=\"https:\/\/twitter.com\/clubleonfc\/status\/911069865829642241\">22 de septiembre de 2017<\/a><\/p><\/blockquote>\n<p><script async src=\"\/\/platform.twitter.com\/widgets.js\" charset=\"utf-8\"><\/script><\/p>\n<p>Por su parte, el t\u00e9cnico <strong>Gustavo D\u00edaz<\/strong> ha manifestado su pensar sobre c\u00f3mo la sociedad mexicana ha reaccionado ante esta tragedia que sacudi\u00f3 al pa\u00eds.<\/p>\n<p>&#8220;Mis respetos al pueblo mexicano, realmente se solidariz\u00f3 con todo el tema. El mensaje de un futbolista, la imagen que tiene ayuda, empuja. Todos los clubes del futbol mexicano se unieron y aprovecharon esa fortaleza que da la imagen p\u00fablica, de verdad felicitarlos, ya lo hice yo con el plantel, tenemos jugadores muy importantes y todos estuvieron volcados en las acciones para apoyar a las v\u00edctimas&#8221;, dijo el ecuatoriano.<\/p>\n<p>&nbsp;<\/p>\n<blockquote class=\"twitter-video\" data-lang=\"es\">\n<p dir=\"ltr\" lang=\"es\">As\u00ed habl\u00f3 <a href=\"https:\/\/twitter.com\/ChavodiazDT\">@ChavodiazDT<\/a> respecto a la suspensi\u00f3n de la jornada en la <a href=\"https:\/\/twitter.com\/LIGABancomerMX\">@LIGABancomerMX<\/a> tras los hechos ocurridos en el pa\u00eds. <a href=\"https:\/\/t.co\/WC3aVuldPo\">pic.twitter.com\/WC3aVuldPo<\/a><\/p>\n<p>\u2014 Club Le\u00f3n (@clubleonfc) <a href=\"https:\/\/twitter.com\/clubleonfc\/status\/911243737417834497\">22 de septiembre de 2017<\/a><\/p><\/blockquote>\n<p><script async src=\"\/\/platform.twitter.com\/widgets.js\" charset=\"utf-8\"><\/script><\/p>\n<p>El Chavo D\u00edaz tambi\u00e9n tuvo palabras sobre la parte deportiva, ya que en el pr\u00f3ximo partido del Le\u00f3n, con el que reanuda actividad en la jornada de mitad de semana de la Liga MX, enfrentar\u00e1n al Am\u00e9rica.<\/p>\n<p>&#8220;Sabemos el potencial que tiene Am\u00e9rica y la importancia que tiene este partido, por lo que se ha generado esta semana, el tema de uni\u00f3n, ser\u00eda una alegr\u00eda extra por lo que se est\u00e1 viviendo. Am\u00e9rica es un equipo grande, tiene futbolistas muy buenos, tiene un entrenador que tiene caracter\u00edsticas muy definidas. Hay que hacer un partido acorde a nuestras caracter\u00edsticas para poder ganar&#8221;, declar\u00f3.<\/p>\n","protected":false},"excerpt":{"rendered":"<p>El cuadro de la Fiera tuvo una gran reacci\u00f3n por parte de la gente que hizo donaciones.<\/p>\n","protected":false},"author":20,"featured_media":501158,"comment_status":"closed","ping_status":"closed","sticky":false,"template":"","format":"standard","meta":[],"categories":[5,2198,3845],"tags":[5965,65,758,10126],"_links":{"self":[{"href":"http:\/\/desarrollo.grupomedios.com\/futbol\/wp-json\/wp\/v2\/posts\/501154"}],"collection":[{"href":"http:\/\/desarrollo.grupomedios.com\/futbol\/wp-json\/wp\/v2\/posts"}],"about":[{"href":"http:\/\/desarrollo.grupomedios.com\/futbol\/wp-json\/wp\/v2\/types\/post"}],"author":[{"embeddable":true,"href":"http:\/\/desarrollo.grupomedios.com\/futbol\/wp-json\/wp\/v2\/users\/20"}],"replies":[{"embeddable":true,"href":"http:\/\/desarrollo.grupomedios.com\/futbol\/wp-json\/wp\/v2\/comments?post=501154"}],"version-history":[{"count":1,"href":"http:\/\/desarrollo.grupomedios.com\/futbol\/wp-json\/wp\/v2\/posts\/501154\/revisions"}],"predecessor-version":[{"id":501159,"href":"http:\/\/desarrollo.grupomedios.com\/futbol\/wp-json\/wp\/v2\/posts\/501154\/revisions\/501159"}],"wp:featuredmedia":[{"embeddable":true,"href":"http:\/\/desarrollo.grupomedios.com\/futbol\/wp-json\/wp\/v2\/media\/501158"}],"wp:attachment":[{"href":"http:\/\/desarrollo.grupomedios.com\/futbol\/wp-json\/wp\/v2\/media?parent=501154"}],"wp:term":[{"taxonomy":"category","embeddable":true,"href":"http:\/\/desarrollo.grupomedios.com\/futbol\/wp-json\/wp\/v2\/categories?post=501154"},{"taxonomy":"post_tag","embeddable":true,"href":"http:\/\/desarrollo.grupomedios.com\/futbol\/wp-json\/wp\/v2\/tags?post=501154"}],"curies":[{"name":"wp","href":"https:\/\/api.w.org\/{rel}","templated":true}]}}