{"id":501170,"date":"2017-09-23T08:23:53","date_gmt":"2017-09-23T13:23:53","guid":{"rendered":"https:\/\/www.futboltotal.com.mx\/?p=501170"},"modified":"2017-09-23T11:08:17","modified_gmt":"2017-09-23T16:08:17","slug":"201709deportivo-alaves-vs-real-madrid-laliga-minuto-a-minuto","status":"publish","type":"post","link":"http:\/\/desarrollo.grupomedios.com\/futbol\/futbol-internacional\/201709deportivo-alaves-vs-real-madrid-laliga-minuto-a-minuto\/2017\/09","title":{"rendered":"Deportivo Alav\u00e9s vs Real Madrid CF | LaLiga | MINUTO A MINUTO"},"content":{"rendered":"<div><iframe src=\"https:\/\/en-vivo.futboltotal.com.mx\/embed.php\/?id=298\" width=\"100%\" id=\"frame_minuto\"><\/iframe><\/div>\n<p>El <strong>Real Madrid<\/strong> volver\u00e1 a la actividad de <strong>LaLiga<\/strong> en busca de recuperar los puntos que ha dejado al inicio y no separarse m\u00e1s de los punteros en la tabla general, todo esto antes de regresar a la actividad en la <strong>Champions League.<\/strong><\/p>\n<p>El cuadro merengue viene de una dolorosa derrota a media semana ante el <strong>Real Betis<\/strong> con un gol en los \u00faltimos minutos que lo ha dejado en el lugar n\u00famero 8 de la tabla general con 8 puntos y a siete unidades del puntero,<strong> Barcelona<\/strong>.<\/p>\n<p>Por su parte el <strong>Deportivo Alav\u00e9s<\/strong> se encuentra en una crisis de resultados, pues hasta el momento en cinco fechas no ha logrado un solo punto y es pen\u00faltimo de la tabla, s\u00f3lo est\u00e1 por encima del <strong>M\u00e1laga<\/strong>. Llega luego de una derrota por la m\u00ednima ante el <strong>Deportivo la Coru\u00f1a<\/strong>.<\/p>\n<blockquote class=\"twitter-tweet\" data-lang=\"es\">\n<p dir=\"ltr\" lang=\"es\">CONVOCATORIA | Todos los albiazules disponibles entran en la lista &#x1f535;\u26aa\ufe0f H\u00e9ctor y Laguardia son baja por lesi\u00f3n \u27a1\ufe0f <a href=\"https:\/\/t.co\/9faqREXtsu\">https:\/\/t.co\/9faqREXtsu<\/a> <a href=\"https:\/\/t.co\/ONsdRR6lXk\">pic.twitter.com\/ONsdRR6lXk<\/a><\/p>\n<p>\u2014 Deportivo Alav\u00e9s (@Alaves) <a href=\"https:\/\/twitter.com\/Alaves\/status\/911266390891466752\">22 de septiembre de 2017<\/a><\/p><\/blockquote>\n<p><script async src=\"\/\/platform.twitter.com\/widgets.js\" charset=\"utf-8\"><\/script><\/p>\n<p>El conjunto merengue llega con un tremendo hospital pues son 6 bajas con las que tendr\u00e1 que afrontar el partido; <strong>Marcelo, Theo, Niko Kovacic, Toni Kroos, Jes\u00fas Vallejo y Karim Benzema<\/strong> no podr\u00e1n ser parte del encuentro.<\/p>\n<blockquote class=\"twitter-tweet\" data-lang=\"es\">\n<p dir=\"ltr\" lang=\"es\">&#x1f4cb; <a href=\"https:\/\/twitter.com\/hashtag\/RMMovistar?src=hash\">#RMMovistar<\/a><br \/>\nLos 19 convocados para el partido ante el <a href=\"https:\/\/twitter.com\/Alaves\">@Alaves<\/a> &#x1f447; <a href=\"https:\/\/t.co\/dKi3sR4GqL\">pic.twitter.com\/dKi3sR4GqL<\/a><\/p>\n<p>\u2014 Real Madrid C.F. (@realmadrid) <a href=\"https:\/\/twitter.com\/realmadrid\/status\/911282231955554305\">22 de septiembre de 2017<\/a><\/p><\/blockquote>\n<p><script async src=\"\/\/platform.twitter.com\/widgets.js\" charset=\"utf-8\"><\/script><\/p>\n","protected":false},"excerpt":{"rendered":"<p>El conjunto merengue buscar\u00e1 salir del mal paso y conseguir la victoria<\/p>\n","protected":false},"author":20,"featured_media":500563,"comment_status":"closed","ping_status":"closed","sticky":false,"template":"","format":"standard","meta":[],"categories":[3839],"tags":[7652,253,6114,5988],"_links":{"self":[{"href":"http:\/\/desarrollo.grupomedios.com\/futbol\/wp-json\/wp\/v2\/posts\/501170"}],"collection":[{"href":"http:\/\/desarrollo.grupomedios.com\/futbol\/wp-json\/wp\/v2\/posts"}],"about":[{"href":"http:\/\/desarrollo.grupomedios.com\/futbol\/wp-json\/wp\/v2\/types\/post"}],"author":[{"embeddable":true,"href":"http:\/\/desarrollo.grupomedios.com\/futbol\/wp-json\/wp\/v2\/users\/20"}],"replies":[{"embeddable":true,"href":"http:\/\/desarrollo.grupomedios.com\/futbol\/wp-json\/wp\/v2\/comments?post=501170"}],"version-history":[{"count":4,"href":"http:\/\/desarrollo.grupomedios.com\/futbol\/wp-json\/wp\/v2\/posts\/501170\/revisions"}],"predecessor-version":[{"id":501247,"href":"http:\/\/desarrollo.grupomedios.com\/futbol\/wp-json\/wp\/v2\/posts\/501170\/revisions\/501247"}],"wp:featuredmedia":[{"embeddable":true,"href":"http:\/\/desarrollo.grupomedios.com\/futbol\/wp-json\/wp\/v2\/media\/500563"}],"wp:attachment":[{"href":"http:\/\/desarrollo.grupomedios.com\/futbol\/wp-json\/wp\/v2\/media?parent=501170"}],"wp:term":[{"taxonomy":"category","embeddable":true,"href":"http:\/\/desarrollo.grupomedios.com\/futbol\/wp-json\/wp\/v2\/categories?post=501170"},{"taxonomy":"post_tag","embeddable":true,"href":"http:\/\/desarrollo.grupomedios.com\/futbol\/wp-json\/wp\/v2\/tags?post=501170"}],"curies":[{"name":"wp","href":"https:\/\/api.w.org\/{rel}","templated":true}]}}