{"id":501181,"date":"2017-09-22T15:01:00","date_gmt":"2017-09-22T20:01:00","guid":{"rendered":"https:\/\/www.futboltotal.com.mx\/?p=501181"},"modified":"2017-09-22T15:01:00","modified_gmt":"2017-09-22T20:01:00","slug":"fc-porto-sale-manta-en-apoyo-a-mexico","status":"publish","type":"post","link":"http:\/\/desarrollo.grupomedios.com\/futbol\/futbol-internacional\/fc-porto-sale-manta-en-apoyo-a-mexico\/2017\/09","title":{"rendered":"FC Porto sale con manta en apoyo a M\u00e9xico"},"content":{"rendered":"<p>El <strong>FC Porto<\/strong> apareci\u00f3 con una manta en apoyo a <strong>M\u00e9xico<\/strong>, previo a su juego de este viernes contra el <strong>Portimonense<\/strong>.<\/p>\n<p>Los jugadores mexicanos aparecieron al centro y la cuenta oficial del club acompa\u00f1\u00f3 a la imagen con un mensaje de &#8220;Fuerza M\u00e9xico&#8221;.<\/p>\n<p style=\"text-align: center;\"><span style=\"color: #333399;\"><a href=\"https:\/\/www.futboltotal.com.mx\/2017\/09\/porto-vs-portimonense-primeira-liga-minuto-a-minuto\">VER M\u00c1S: <span class=\"item-title\">MINUTO A MINUTO | Porto vs Portimonense | Primeira Liga<\/span><\/a><\/span><\/p>\n<p>Adem\u00e1s, los cuatro jugadores mexicanos salieron en sus dorsales con la frase &#8220;Fuerza M\u00e9xico&#8221;. Jes\u00fas Corona y H\u00e9ctor Herrera salieron titulares en el partido.<\/p>\n<p><a href=\"https:\/\/www.futboltotal.com.mx\/wp-content\/uploads\/2017\/09\/reyes-porto.jpg\"><img decoding=\"async\" loading=\"lazy\" class=\"alignnone size-full wp-image-501187\" src=\"https:\/\/www.futboltotal.com.mx\/wp-content\/uploads\/2017\/09\/reyes-porto.jpg\" alt=\"FC Porto sale con manta en apoyo a M\u00e9xico 0\" srcset=\"http:\/\/desarrollo.grupomedios.com\/futbol\/wp-content\/uploads\/2017\/09\/reyes-porto.jpg 749w, http:\/\/desarrollo.grupomedios.com\/futbol\/wp-content\/uploads\/2017\/09\/reyes-porto-190x300.jpg 190w, http:\/\/desarrollo.grupomedios.com\/futbol\/wp-content\/uploads\/2017\/09\/reyes-porto-648x1024.jpg 648w\" sizes=\"(max-width: 749px) 100vw, 749px\" \/><\/a> <a href=\"https:\/\/www.futboltotal.com.mx\/wp-content\/uploads\/2017\/09\/herrera.jpg\"><img decoding=\"async\" loading=\"lazy\" class=\"alignnone size-full wp-image-501188\" src=\"https:\/\/www.futboltotal.com.mx\/wp-content\/uploads\/2017\/09\/herrera.jpg\" alt=\"FC Porto sale con manta en apoyo a M\u00e9xico 1\" srcset=\"http:\/\/desarrollo.grupomedios.com\/futbol\/wp-content\/uploads\/2017\/09\/herrera.jpg 1200w, http:\/\/desarrollo.grupomedios.com\/futbol\/wp-content\/uploads\/2017\/09\/herrera-300x206.jpg 300w, http:\/\/desarrollo.grupomedios.com\/futbol\/wp-content\/uploads\/2017\/09\/herrera-768x527.jpg 768w, http:\/\/desarrollo.grupomedios.com\/futbol\/wp-content\/uploads\/2017\/09\/herrera-1024x702.jpg 1024w\" sizes=\"(max-width: 1200px) 100vw, 1200px\" \/><\/a><\/p>\n<p>&nbsp;<\/p>\n<p>&nbsp;<\/p>\n<p>&nbsp;<\/p>\n","protected":false},"excerpt":{"rendered":"<p>Con la leyenda &#8220;Fuerza M\u00e9xico&#8221;, los &#8216;Dragones&#8217; mostraron su apoyo<\/p>\n","protected":false},"author":20,"featured_media":501185,"comment_status":"closed","ping_status":"closed","sticky":false,"template":"","format":"standard","meta":[],"categories":[3839,6718],"tags":[2153,5995,3770],"_links":{"self":[{"href":"http:\/\/desarrollo.grupomedios.com\/futbol\/wp-json\/wp\/v2\/posts\/501181"}],"collection":[{"href":"http:\/\/desarrollo.grupomedios.com\/futbol\/wp-json\/wp\/v2\/posts"}],"about":[{"href":"http:\/\/desarrollo.grupomedios.com\/futbol\/wp-json\/wp\/v2\/types\/post"}],"author":[{"embeddable":true,"href":"http:\/\/desarrollo.grupomedios.com\/futbol\/wp-json\/wp\/v2\/users\/20"}],"replies":[{"embeddable":true,"href":"http:\/\/desarrollo.grupomedios.com\/futbol\/wp-json\/wp\/v2\/comments?post=501181"}],"version-history":[{"count":1,"href":"http:\/\/desarrollo.grupomedios.com\/futbol\/wp-json\/wp\/v2\/posts\/501181\/revisions"}],"predecessor-version":[{"id":501189,"href":"http:\/\/desarrollo.grupomedios.com\/futbol\/wp-json\/wp\/v2\/posts\/501181\/revisions\/501189"}],"wp:featuredmedia":[{"embeddable":true,"href":"http:\/\/desarrollo.grupomedios.com\/futbol\/wp-json\/wp\/v2\/media\/501185"}],"wp:attachment":[{"href":"http:\/\/desarrollo.grupomedios.com\/futbol\/wp-json\/wp\/v2\/media?parent=501181"}],"wp:term":[{"taxonomy":"category","embeddable":true,"href":"http:\/\/desarrollo.grupomedios.com\/futbol\/wp-json\/wp\/v2\/categories?post=501181"},{"taxonomy":"post_tag","embeddable":true,"href":"http:\/\/desarrollo.grupomedios.com\/futbol\/wp-json\/wp\/v2\/tags?post=501181"}],"curies":[{"name":"wp","href":"https:\/\/api.w.org\/{rel}","templated":true}]}}