{"id":501196,"date":"2017-09-22T15:56:53","date_gmt":"2017-09-22T20:56:53","guid":{"rendered":"https:\/\/www.futboltotal.com.mx\/?p=501196"},"modified":"2017-09-22T15:56:53","modified_gmt":"2017-09-22T20:56:53","slug":"gustavo-matosas-se-quedo-sin-trabajo-alguien-liga-mx-se-interesa","status":"publish","type":"post","link":"http:\/\/desarrollo.grupomedios.com\/futbol\/futbol-mexicano\/gustavo-matosas-se-quedo-sin-trabajo-alguien-liga-mx-se-interesa\/2017\/09","title":{"rendered":"Gustavo Matosas se qued\u00f3 sin trabajo \u00bfAlguien de Liga MX se interesa?"},"content":{"rendered":"<p>El estratega uruguayo, <strong>Gustavo Matosas<\/strong>, dej\u00f3 de ser director t\u00e9cnico de <strong>Estudiantes de la Plata<\/strong> luego de quedar eliminados en los octavos de final de la <strong>Copa Sudamericana<\/strong> ante <strong>Nacional<\/strong> de Paraguay.<\/p>\n<blockquote>\n<div id=\"eplAdDivInline_Video\">&#8220;Lo correcto es seguir mi camino y dar un paso al costado. <strong>La culpa es m\u00eda y me hago cargo<\/strong>&#8220;, expres\u00f3 el entrenador al anunciar su salida en conferencia de prensa.<\/div>\n<\/blockquote>\n<div style=\"text-align: center;\"><span style=\"color: #333399;\"><a href=\"https:\/\/www.futboltotal.com.mx\/2017\/09\/jugador-del-crystal-palace-presume-botines-dragon-ball\/\" target=\"_blank\" rel=\"noopener\">VER M\u00c1S: Jugador de Crystal Palace presume botines de Dragon Ball<\/a><\/span><\/div>\n<div><\/div>\n<div>Matosas hab\u00eda firmado contrato con Estudiantes apenas en junio; sin embargo no logr\u00f3 el objetivo de avanzar en la Copa Sudamericana y en la <strong>Liga de Argentina<\/strong> marchan en el lugar 15, cabe se\u00f1alar que la liga tiene 28 equipos.<\/div>\n<blockquote><p>&#8220;Gustavo Matosas ten\u00eda una forma de trabajar y el plantel est\u00e1 acostumbrado a otra cosa, <strong>la decisi\u00f3n de contratarlo no fue la mejor<\/strong>&#8220;, dijo <strong>Juan Sebasti\u00e1n Ver\u00f3n<\/strong>, presidente del equipo.<\/p><\/blockquote>\n<p>Gustavo Matosas vivi\u00f3 momentos importantes en M\u00e9xico con el<strong> Le\u00f3n<\/strong> a quien hizo campe\u00f3n en dos ocasiones. Tambi\u00e9n dirigi\u00f3 a <strong>Quer\u00e9taro<\/strong>, <strong>Atlas<\/strong> y <strong>Am\u00e9rica<\/strong>, con este \u00faltimo gan\u00f3 una<strong> Liga de Campeones de la Concacaf<\/strong>.<\/p>\n<p><strong>\u00bfAlguien de la Liga MX se interesar\u00e1 en traer al uruguayo de vuelta?<\/strong><\/p>\n<p style=\"text-align: center;\"><span style=\"color: #333399;\"><a href=\"https:\/\/www.futboltotal.com.mx\/2017\/09\/barcelona-manchester-united-buscan-a-crack-brasileno\/\" target=\"_blank\" rel=\"noopener\">VER M\u00c1S: Barcelona y Manchester United se pelean por crack brasile\u00f1o<\/a><\/span><\/p>\n","protected":false},"excerpt":{"rendered":"<p>El estratega vivi\u00f3 buenos momentos con el Le\u00f3n<\/p>\n","protected":false},"author":20,"featured_media":403234,"comment_status":"closed","ping_status":"closed","sticky":false,"template":"","format":"standard","meta":[],"categories":[2198,3845],"tags":[4159,93,64],"_links":{"self":[{"href":"http:\/\/desarrollo.grupomedios.com\/futbol\/wp-json\/wp\/v2\/posts\/501196"}],"collection":[{"href":"http:\/\/desarrollo.grupomedios.com\/futbol\/wp-json\/wp\/v2\/posts"}],"about":[{"href":"http:\/\/desarrollo.grupomedios.com\/futbol\/wp-json\/wp\/v2\/types\/post"}],"author":[{"embeddable":true,"href":"http:\/\/desarrollo.grupomedios.com\/futbol\/wp-json\/wp\/v2\/users\/20"}],"replies":[{"embeddable":true,"href":"http:\/\/desarrollo.grupomedios.com\/futbol\/wp-json\/wp\/v2\/comments?post=501196"}],"version-history":[{"count":1,"href":"http:\/\/desarrollo.grupomedios.com\/futbol\/wp-json\/wp\/v2\/posts\/501196\/revisions"}],"predecessor-version":[{"id":501201,"href":"http:\/\/desarrollo.grupomedios.com\/futbol\/wp-json\/wp\/v2\/posts\/501196\/revisions\/501201"}],"wp:featuredmedia":[{"embeddable":true,"href":"http:\/\/desarrollo.grupomedios.com\/futbol\/wp-json\/wp\/v2\/media\/403234"}],"wp:attachment":[{"href":"http:\/\/desarrollo.grupomedios.com\/futbol\/wp-json\/wp\/v2\/media?parent=501196"}],"wp:term":[{"taxonomy":"category","embeddable":true,"href":"http:\/\/desarrollo.grupomedios.com\/futbol\/wp-json\/wp\/v2\/categories?post=501196"},{"taxonomy":"post_tag","embeddable":true,"href":"http:\/\/desarrollo.grupomedios.com\/futbol\/wp-json\/wp\/v2\/tags?post=501196"}],"curies":[{"name":"wp","href":"https:\/\/api.w.org\/{rel}","templated":true}]}}