{"id":501198,"date":"2017-09-24T13:00:11","date_gmt":"2017-09-24T18:00:11","guid":{"rendered":"https:\/\/www.futboltotal.com.mx\/?p=501198"},"modified":"2017-09-24T15:56:59","modified_gmt":"2017-09-24T20:56:59","slug":"real-sociedad-vs-valencia-fc-la-liga-minuto-a-minuto","status":"publish","type":"post","link":"http:\/\/desarrollo.grupomedios.com\/futbol\/futbol-internacional\/real-sociedad-vs-valencia-fc-la-liga-minuto-a-minuto\/2017\/09","title":{"rendered":"Real Sociedad vs Valencia FC | LaLiga | MINUTO A MINUTO"},"content":{"rendered":"<p>La <strong>Real Sociedad<\/strong> de <strong>Carlos Vela<\/strong> buscar\u00e1 reponerse de dos derrotas en fila cuando enfrente al <strong>Valencia<\/strong>.<\/p>\n<p>La escuadra del delantero mexicano cay\u00f3 1-3 ante Real Madrid y 0-3 frente al Levante, por lo que intentar\u00e1 regresar a la senda del triunfo cuando reciba a los &#8216;naranjeros&#8217;.<\/p>\n<iframe src=\"https:\/\/en-vivo.futboltotal.com.mx\/embed.php\/?id=301\" width=\"100%\" id=\"frame_minuto\"><\/iframe>\n<p style=\"text-align: center;\"><span style=\"color: #333399;\"><a href=\"https:\/\/www.futboltotal.com.mx\/2017\/09\/los-zidane-chocan-real-madrid-vs-alaves-zinedine-vs-enzo\/\">VER M\u00c1S: <span class=\"item-title\">Los Zidane chocan en Real Madrid vs. Alaves: Zinedine vs. Enzo<\/span><\/a><\/span><\/p>\n<p>El Valencia ha vuelto a ser un equipo combativo, y por ahora est\u00e1 cuarto de la clasificaci\u00f3n en Espa\u00f1a, por lo que ser\u00e1 un duelo complicado para los &#8216;txuri-urdin&#8217;.<\/p>\n<p>&nbsp;<\/p>\n","protected":false},"excerpt":{"rendered":"<p>La escuadra de Carlos Vela buscar\u00e1 regresar a la senda de la victoria<\/p>\n","protected":false},"author":20,"featured_media":501199,"comment_status":"closed","ping_status":"closed","sticky":false,"template":"","format":"standard","meta":[],"categories":[3839,3844],"tags":[6945,6114,102,87],"_links":{"self":[{"href":"http:\/\/desarrollo.grupomedios.com\/futbol\/wp-json\/wp\/v2\/posts\/501198"}],"collection":[{"href":"http:\/\/desarrollo.grupomedios.com\/futbol\/wp-json\/wp\/v2\/posts"}],"about":[{"href":"http:\/\/desarrollo.grupomedios.com\/futbol\/wp-json\/wp\/v2\/types\/post"}],"author":[{"embeddable":true,"href":"http:\/\/desarrollo.grupomedios.com\/futbol\/wp-json\/wp\/v2\/users\/20"}],"replies":[{"embeddable":true,"href":"http:\/\/desarrollo.grupomedios.com\/futbol\/wp-json\/wp\/v2\/comments?post=501198"}],"version-history":[{"count":4,"href":"http:\/\/desarrollo.grupomedios.com\/futbol\/wp-json\/wp\/v2\/posts\/501198\/revisions"}],"predecessor-version":[{"id":501417,"href":"http:\/\/desarrollo.grupomedios.com\/futbol\/wp-json\/wp\/v2\/posts\/501198\/revisions\/501417"}],"wp:featuredmedia":[{"embeddable":true,"href":"http:\/\/desarrollo.grupomedios.com\/futbol\/wp-json\/wp\/v2\/media\/501199"}],"wp:attachment":[{"href":"http:\/\/desarrollo.grupomedios.com\/futbol\/wp-json\/wp\/v2\/media?parent=501198"}],"wp:term":[{"taxonomy":"category","embeddable":true,"href":"http:\/\/desarrollo.grupomedios.com\/futbol\/wp-json\/wp\/v2\/categories?post=501198"},{"taxonomy":"post_tag","embeddable":true,"href":"http:\/\/desarrollo.grupomedios.com\/futbol\/wp-json\/wp\/v2\/tags?post=501198"}],"curies":[{"name":"wp","href":"https:\/\/api.w.org\/{rel}","templated":true}]}}