{"id":501200,"date":"2017-09-22T16:08:06","date_gmt":"2017-09-22T21:08:06","guid":{"rendered":"https:\/\/www.futboltotal.com.mx\/?p=501200"},"modified":"2017-09-22T16:08:06","modified_gmt":"2017-09-22T21:08:06","slug":"rafael-marquez-volveria-a-jugar-le-otorgan-permiso-especial","status":"publish","type":"post","link":"http:\/\/desarrollo.grupomedios.com\/futbol\/futbol-mexicano\/rafael-marquez-volveria-a-jugar-le-otorgan-permiso-especial\/2017\/09","title":{"rendered":"Rafael M\u00e1rquez volver\u00eda a jugar si le otorgan permiso especial"},"content":{"rendered":"<p>La posibilidad de que el veterano central <strong>Rafael M\u00e1rquez<\/strong> vuelva a las canchas con el <strong>Atlas<\/strong> est\u00e1 en manos de que el defensa reciba un permiso especial por parte de la\u00a0Oficina de Control de Bienes Extranjeros del Departamento del Tesoro de Estados Unidos.<\/p>\n<p>Esta informaci\u00f3n fue revelada por el presidente de los <em>Zorros<\/em>,\u00a0Gustavo Guzm\u00e1n, quien sabe que luce bastante complicada la posibilidad de que el <em>Kaiser<\/em> vuelva a la actividad, aunque no imposible.<\/p>\n<p style=\"text-align: center;\"><a href=\"https:\/\/www.futboltotal.com.mx\/2017\/09\/fc-porto-sale-manta-en-apoyo-a-mexico\/\" target=\"_blank\" rel=\"noopener\"><span style=\"color: #333399;\">VER M\u00c1S: El Porto sali\u00f3 al campo con una manta en apoyo a M\u00e9xico<\/span><\/a><\/p>\n<p>&#8220;Se est\u00e1n haciendo las gestiones para que le permitan trabajar, el argumento es que no le permiten cobrar, sus cuentas est\u00e1n congeladas. Esta oficina no acepta que alguien trabaje sin remuneraci\u00f3n. No acepta ese tipo de argumentos (jugar sin percibir un salario) y no puede tener ingresos sin que sean detenidos o congelados como su dinero&#8221;, dijo el directivo.<\/p>\n<p>El caso de <strong>M\u00e1rquez<\/strong> est\u00e1 totalmente en manos de la justicia estadounidense, luego de que el futbolista se viera relacionado como prestanombres de narcotraficantes, por lo que s\u00f3lo el Departamento del Tesoro puede cambiar el estatus del mexicano.<\/p>\n","protected":false},"excerpt":{"rendered":"<p>El veterano defensor de los Zorros podr\u00eda regresar a las canchas.<\/p>\n","protected":false},"author":20,"featured_media":501203,"comment_status":"closed","ping_status":"closed","sticky":false,"template":"","format":"standard","meta":[],"categories":[2198,3845],"tags":[8357,5961,64,6928,6033],"_links":{"self":[{"href":"http:\/\/desarrollo.grupomedios.com\/futbol\/wp-json\/wp\/v2\/posts\/501200"}],"collection":[{"href":"http:\/\/desarrollo.grupomedios.com\/futbol\/wp-json\/wp\/v2\/posts"}],"about":[{"href":"http:\/\/desarrollo.grupomedios.com\/futbol\/wp-json\/wp\/v2\/types\/post"}],"author":[{"embeddable":true,"href":"http:\/\/desarrollo.grupomedios.com\/futbol\/wp-json\/wp\/v2\/users\/20"}],"replies":[{"embeddable":true,"href":"http:\/\/desarrollo.grupomedios.com\/futbol\/wp-json\/wp\/v2\/comments?post=501200"}],"version-history":[{"count":1,"href":"http:\/\/desarrollo.grupomedios.com\/futbol\/wp-json\/wp\/v2\/posts\/501200\/revisions"}],"predecessor-version":[{"id":501206,"href":"http:\/\/desarrollo.grupomedios.com\/futbol\/wp-json\/wp\/v2\/posts\/501200\/revisions\/501206"}],"wp:featuredmedia":[{"embeddable":true,"href":"http:\/\/desarrollo.grupomedios.com\/futbol\/wp-json\/wp\/v2\/media\/501203"}],"wp:attachment":[{"href":"http:\/\/desarrollo.grupomedios.com\/futbol\/wp-json\/wp\/v2\/media?parent=501200"}],"wp:term":[{"taxonomy":"category","embeddable":true,"href":"http:\/\/desarrollo.grupomedios.com\/futbol\/wp-json\/wp\/v2\/categories?post=501200"},{"taxonomy":"post_tag","embeddable":true,"href":"http:\/\/desarrollo.grupomedios.com\/futbol\/wp-json\/wp\/v2\/tags?post=501200"}],"curies":[{"name":"wp","href":"https:\/\/api.w.org\/{rel}","templated":true}]}}