{"id":501215,"date":"2017-09-22T16:42:44","date_gmt":"2017-09-22T21:42:44","guid":{"rendered":"https:\/\/www.futboltotal.com.mx\/?p=501215"},"modified":"2017-09-22T16:42:44","modified_gmt":"2017-09-22T21:42:44","slug":"tecatito-herrera-dan-partidazo-en-goleada-del-fc-porto","status":"publish","type":"post","link":"http:\/\/desarrollo.grupomedios.com\/futbol\/destacado-home\/tecatito-herrera-dan-partidazo-en-goleada-del-fc-porto\/2017\/09","title":{"rendered":"&#8216;Tecatito&#8217; y Herrera dan partidazo en goleada del FC Porto"},"content":{"rendered":"<p>El <strong>FC Porto<\/strong> reforz\u00f3 su liderato con una goleada al <strong>Portimonense<\/strong> en casa (5-2), en un encuentro en el que marcaron el espa\u00f1ol Iv\u00e1n Marcano, el camerun\u00e9s Aboubakar, el maliense Moussa Marega y el argelino Brahimi (por partida doble).<\/p>\n<p>Tras abrir la s\u00e9ptima jornada, los &#8220;dragones&#8221; son l\u00edderes en solitario con 18 puntos y un pleno de victorias, a la espera de lo que haga el Sporting el s\u00e1bado ante el Moreirense, ya que si vence puede igualar al Oporto.<\/p>\n<p>Marcano abri\u00f3 el marcador a los 20 minutos con un remate con el pie izquierdo en el coraz\u00f3n del \u00e1rea despu\u00e9s de que el Portimonense intentase despejar un lanzamiento de c\u00f3rner.<\/p>\n<p style=\"text-align: center;\"><span style=\"color: #333399;\"><a href=\"https:\/\/www.futboltotal.com.mx\/2017\/09\/psg-tienta-a-alexis-sanchez-sueldo-millonario\/\">VER M\u00c1S: <span class=\"item-title\">PSG tienta a Alexis S\u00e1nchez con sueldo millonario<\/span><\/a><\/span><\/p>\n<p>Dos minutos despu\u00e9s, Aboubakar ampli\u00f3 la ventaja en una jugada iniciada con un centro del mexicano <strong>Jes\u00fas Corona<\/strong>: el camerun\u00e9s remat\u00f3 pero el portero detuvo el lanzamiento, aunque no pudo evitar que el delantero volviese a cazar el bal\u00f3n para enviarlo a las redes.<\/p>\n<p>En el 25, Marega mejor\u00f3 el resultado con un remate picado desde la entrada del \u00e1rea.<\/p>\n<p>El Portimonense consigui\u00f3 reducir la ventaja en el 36 con un gol del japon\u00e9s Shoya Nakajima, que demostr\u00f3 su clase con un remate de rosca.<\/p>\n<p style=\"text-align: center;\"><span style=\"color: #333399;\"><a href=\"https:\/\/www.futboltotal.com.mx\/2017\/09\/fc-porto-sale-manta-en-apoyo-a-mexico\/\">VER M\u00c1S: <span class=\"item-title\">FC Porto sale con manta en apoyo a M\u00e9xico<\/span><\/a><\/span><\/p>\n<p>En la segunda parte, Brahimi aument\u00f3 la cuenta goleadora de los blanquiazules en el 48 y el 66, con asistencias de Marega y de <strong>H\u00e9ctor Herrera<\/strong>, respectivamente.<\/p>\n<p>Aunque el partido estaba sentenciado, los de Portim\u00e3o tuvieron tiempo de hacer un segundo gol con un remate de cabeza del portugu\u00e9s Ruben que no lleg\u00f3 para evitar la derrota, que les hizo caer al decimocuarto puesto de la tabla.<\/p>\n<p>&nbsp;<\/p>\n","protected":false},"excerpt":{"rendered":"<p>Jes\u00fas &#8216;Tecatito&#8217; Corona y H\u00e9ctor Herrera lucieron en la goleada de los &#8216;Dragones&#8217;<\/p>\n","protected":false},"author":20,"featured_media":501220,"comment_status":"closed","ping_status":"closed","sticky":false,"template":"","format":"standard","meta":[],"categories":[5,3839,7709,6718],"tags":[2153,5995,3770],"_links":{"self":[{"href":"http:\/\/desarrollo.grupomedios.com\/futbol\/wp-json\/wp\/v2\/posts\/501215"}],"collection":[{"href":"http:\/\/desarrollo.grupomedios.com\/futbol\/wp-json\/wp\/v2\/posts"}],"about":[{"href":"http:\/\/desarrollo.grupomedios.com\/futbol\/wp-json\/wp\/v2\/types\/post"}],"author":[{"embeddable":true,"href":"http:\/\/desarrollo.grupomedios.com\/futbol\/wp-json\/wp\/v2\/users\/20"}],"replies":[{"embeddable":true,"href":"http:\/\/desarrollo.grupomedios.com\/futbol\/wp-json\/wp\/v2\/comments?post=501215"}],"version-history":[{"count":1,"href":"http:\/\/desarrollo.grupomedios.com\/futbol\/wp-json\/wp\/v2\/posts\/501215\/revisions"}],"predecessor-version":[{"id":501221,"href":"http:\/\/desarrollo.grupomedios.com\/futbol\/wp-json\/wp\/v2\/posts\/501215\/revisions\/501221"}],"wp:featuredmedia":[{"embeddable":true,"href":"http:\/\/desarrollo.grupomedios.com\/futbol\/wp-json\/wp\/v2\/media\/501220"}],"wp:attachment":[{"href":"http:\/\/desarrollo.grupomedios.com\/futbol\/wp-json\/wp\/v2\/media?parent=501215"}],"wp:term":[{"taxonomy":"category","embeddable":true,"href":"http:\/\/desarrollo.grupomedios.com\/futbol\/wp-json\/wp\/v2\/categories?post=501215"},{"taxonomy":"post_tag","embeddable":true,"href":"http:\/\/desarrollo.grupomedios.com\/futbol\/wp-json\/wp\/v2\/tags?post=501215"}],"curies":[{"name":"wp","href":"https:\/\/api.w.org\/{rel}","templated":true}]}}