{"id":501222,"date":"2017-09-22T16:56:42","date_gmt":"2017-09-22T21:56:42","guid":{"rendered":"https:\/\/www.futboltotal.com.mx\/?p=501222"},"modified":"2017-09-22T17:00:08","modified_gmt":"2017-09-22T22:00:08","slug":"wolfsburgo-manda-mensaje-apoyo-a-lobos-buap-mexico","status":"publish","type":"post","link":"http:\/\/desarrollo.grupomedios.com\/futbol\/destacado-home\/wolfsburgo-manda-mensaje-apoyo-a-lobos-buap-mexico\/2017\/09","title":{"rendered":"Wolfsburgo manda mensaje de apoyo a Lobos BUAP y M\u00e9xico"},"content":{"rendered":"<p>La escuadra alemana del <strong>Wolfsburgo<\/strong> tuvo un gran gesto de humanidad con el pueblo mexicano despu\u00e9s de que dedicara su actuaci\u00f3n de este viernes contra el Bayern Munich a todo M\u00e9xico, y con especial cari\u00f1o a sus hermanos lobos, <strong>Lobos BUAP<\/strong>, equipo de la <strong>Liga MX.<\/strong><\/p>\n<p style=\"text-align: center;\"><span style=\"color: #333399;\"><a href=\"https:\/\/www.futboltotal.com.mx\/2017\/09\/bayern-munich-empata-wolfsburg-terrible-falla-portero\/\">VER M\u00c1S: <span class=\"item-title\">Bayern Munich empata con Wolfsburg tras terrible falla de su portero<\/span><\/a><\/span><\/p>\n<p>El Wolfsburgo public\u00f3 un mensaje de apoyo a M\u00e9xico, donde pidi\u00f3 que el pa\u00eds tenga fuerza, y que poco a poco ir\u00e1 saliendo adelante.<\/p>\n<blockquote class=\"twitter-tweet\" data-lang=\"es\">\n<p dir=\"ltr\" lang=\"es\">&#x1f64f; <a href=\"https:\/\/twitter.com\/VfLWolfsburg_ES\">@VfLWolfsburg_ES<\/a> les dedica nuestra actuaci\u00f3n el d\u00eda de hoy a todos nuestros lobo-hermanos de M\u00e9xico. \u00a1Arriba M\u00e9xico, <a href=\"https:\/\/twitter.com\/hashtag\/FuerzaMexico?src=hash\">#FuerzaMexico<\/a> &#x1f1f2;&#x1f1fd;&#x1f49a;! <a href=\"https:\/\/t.co\/HqKy6f9ddm\">pic.twitter.com\/HqKy6f9ddm<\/a><\/p>\n<p>\u2014 VfL Wolfsburg ES (@VfLWolfsburg_ES) <a href=\"https:\/\/twitter.com\/VfLWolfsburg_ES\/status\/911334458598543361\">22 de septiembre de 2017<\/a><\/p><\/blockquote>\n<p><script async src=\"\/\/platform.twitter.com\/widgets.js\" charset=\"utf-8\"><\/script><\/p>\n<p>Posteriormente, los Lobos BUAP contestaron con agradecimiento al mensaje publicado con los alemanes.<\/p>\n<blockquote class=\"twitter-tweet\" data-lang=\"es\">\n<p dir=\"ltr\" lang=\"es\">Gracias por su apoyo Lobo-hermanos &#x1f43a;.<br \/>\nHoy m\u00e1s que nunca <a href=\"https:\/\/twitter.com\/hashtag\/TodosSomosM%C3%A9xico?src=hash\">#TodosSomosM\u00e9xico<\/a> &#x1f1f2;&#x1f1fd;.<a href=\"https:\/\/twitter.com\/hashtag\/UnLoboNoAullaS%C3%B3lo?src=hash\">#UnLoboNoAullaS\u00f3lo<\/a> <a href=\"https:\/\/twitter.com\/hashtag\/FuerzaM%C3%A9xico?src=hash\">#FuerzaM\u00e9xico<\/a><\/p>\n<p>\u2014 Lobos Buap Oficial (@LobosBuapMX) <a href=\"https:\/\/twitter.com\/LobosBuapMX\/status\/911342140118196224\">22 de septiembre de 2017<\/a><\/p><\/blockquote>\n<p><script async src=\"\/\/platform.twitter.com\/widgets.js\" charset=\"utf-8\"><\/script><\/p>\n<p>Finalmente, la escuadra del Wolfsburgo recalc\u00f3 que M\u00e9xico no est\u00e1 solo y recalc\u00f3 la gran labor de equipo que est\u00e1n dando todos los mexicanos.<\/p>\n<blockquote class=\"twitter-tweet\" data-lang=\"es\">\n<p dir=\"ltr\" lang=\"es\">Sin duda lobo-hermanos, no est\u00e1n solos y todo M\u00e9xico est\u00e1 dando una gran lecci\u00f3n de lo que significa trabajo en equipo. <a href=\"https:\/\/twitter.com\/hashtag\/HoyTengoFe?src=hash\">#HoyTengoFe<\/a> &#x1f1f2;&#x1f1fd;&#x1f49a;&#x1f1e9;&#x1f1ea;<\/p>\n<p>\u2014 VfL Wolfsburg ES (@VfLWolfsburg_ES) <a href=\"https:\/\/twitter.com\/VfLWolfsburg_ES\/status\/911342535993434112\">22 de septiembre de 2017<\/a><\/p><\/blockquote>\n<p><script async src=\"\/\/platform.twitter.com\/widgets.js\" charset=\"utf-8\"><\/script><\/p>\n","protected":false},"excerpt":{"rendered":"<p>El cuadro germano dedic\u00f3 la actuaci\u00f3n de su partido frente al Bayern Munich a todo M\u00e9xico<\/p>\n","protected":false},"author":20,"featured_media":501223,"comment_status":"closed","ping_status":"closed","sticky":false,"template":"","format":"standard","meta":[],"categories":[5,2198,3845],"tags":[431,10268,3521],"_links":{"self":[{"href":"http:\/\/desarrollo.grupomedios.com\/futbol\/wp-json\/wp\/v2\/posts\/501222"}],"collection":[{"href":"http:\/\/desarrollo.grupomedios.com\/futbol\/wp-json\/wp\/v2\/posts"}],"about":[{"href":"http:\/\/desarrollo.grupomedios.com\/futbol\/wp-json\/wp\/v2\/types\/post"}],"author":[{"embeddable":true,"href":"http:\/\/desarrollo.grupomedios.com\/futbol\/wp-json\/wp\/v2\/users\/20"}],"replies":[{"embeddable":true,"href":"http:\/\/desarrollo.grupomedios.com\/futbol\/wp-json\/wp\/v2\/comments?post=501222"}],"version-history":[{"count":3,"href":"http:\/\/desarrollo.grupomedios.com\/futbol\/wp-json\/wp\/v2\/posts\/501222\/revisions"}],"predecessor-version":[{"id":501229,"href":"http:\/\/desarrollo.grupomedios.com\/futbol\/wp-json\/wp\/v2\/posts\/501222\/revisions\/501229"}],"wp:featuredmedia":[{"embeddable":true,"href":"http:\/\/desarrollo.grupomedios.com\/futbol\/wp-json\/wp\/v2\/media\/501223"}],"wp:attachment":[{"href":"http:\/\/desarrollo.grupomedios.com\/futbol\/wp-json\/wp\/v2\/media?parent=501222"}],"wp:term":[{"taxonomy":"category","embeddable":true,"href":"http:\/\/desarrollo.grupomedios.com\/futbol\/wp-json\/wp\/v2\/categories?post=501222"},{"taxonomy":"post_tag","embeddable":true,"href":"http:\/\/desarrollo.grupomedios.com\/futbol\/wp-json\/wp\/v2\/tags?post=501222"}],"curies":[{"name":"wp","href":"https:\/\/api.w.org\/{rel}","templated":true}]}}