{"id":501237,"date":"2017-09-22T19:40:11","date_gmt":"2017-09-23T00:40:11","guid":{"rendered":"https:\/\/www.futboltotal.com.mx\/?p=501237"},"modified":"2017-09-22T19:40:11","modified_gmt":"2017-09-23T00:40:11","slug":"pulido-dani-alves-otros-envian-mensaje-a-nino-sobreviviente","status":"publish","type":"post","link":"http:\/\/desarrollo.grupomedios.com\/futbol\/destacado-home\/pulido-dani-alves-otros-envian-mensaje-a-nino-sobreviviente\/2017\/09","title":{"rendered":"Pulido, Dani Alves y otros env\u00edan mensaje a ni\u00f1o sobreviviente"},"content":{"rendered":"<p>Uno de los momentos m\u00e1s dif\u00edciles en la vida del ni\u00f1o <strong>Leonardo Far\u00edas<\/strong> fue vivir el derrumbe de la escuela Enrique R\u00e9bsamen, lugar donde fallecieron muchos de sus compa\u00f1eros y maestros a causa del sismo de 7.1 grados suscitado el pasado martes 19 de septiembre.<\/p>\n<p>Esta situaci\u00f3n ha movido el coraz\u00f3n de muchos futbolistas, quienes al enterarse que el ni\u00f1o se encuentra grave en un hospital, han enviado mensajes de aliento para la recuperaci\u00f3n del muchacho.<\/p>\n<p style=\"text-align: center;\"><span style=\"color: #333399;\"><a href=\"https:\/\/www.futboltotal.com.mx\/2017\/09\/gol-fifa-olvido-puskas\/\">VER M\u00c1S: <span class=\"item-title\">Los mejores del mundo reciben en exclusiva el FIFA 18<\/span><\/a><\/span><\/p>\n<p>Uno de ellos fue el defensa brasile\u00f1o del PSG, <strong>Dani Alves<\/strong>, quien sorprendi\u00f3 gratamente al contestar y enviar un mensaje de apoyo al ni\u00f1o mexicano.<\/p>\n<blockquote class=\"twitter-video\" data-lang=\"es\">\n<p dir=\"ltr\" lang=\"es\">Gracias!!!! <a href=\"https:\/\/twitter.com\/hashtag\/DaniAlves?src=hash\">#DaniAlves<\/a> <a href=\"https:\/\/twitter.com\/DaniAlvesD2\">@DaniAlvesD2<\/a> <a href=\"https:\/\/twitter.com\/hashtag\/AyudaMexico?src=hash\">#AyudaMexico<\/a> Leonardo Arias Quintero de Coraz\u00f3n \u2764\ufe0f <a href=\"https:\/\/twitter.com\/ricalegorreta\">@ricalegorreta<\/a> <a href=\"https:\/\/twitter.com\/Pameecolon\">@Pameecolon<\/a> <a href=\"https:\/\/twitter.com\/MarioARosi\">@MarioARosi<\/a> <a href=\"https:\/\/t.co\/t8hhRPOBca\">pic.twitter.com\/t8hhRPOBca<\/a><\/p>\n<p>\u2014 PamelaVallejo &#x1f1e6;&#x1f1f7; (@Pameecolon) <a href=\"https:\/\/twitter.com\/Pameecolon\/status\/911234968533323776\">22 de septiembre de 2017<\/a><\/p><\/blockquote>\n<p><script async src=\"\/\/platform.twitter.com\/widgets.js\" charset=\"utf-8\"><\/script><\/p>\n<p>Futbolistas mexicanos que militan en el futbol europeo como <strong>Miguel Lay\u00fan<\/strong>, Jes\u00fas Corona, H\u00e9ctor Herrera, y jugadores de la Liga MX como <strong>Alan Pulido y Rubens Sambueza<\/strong> tambi\u00e9n enviaron sus mejores deseos al ni\u00f1o para su pronta recuperaci\u00f3n.<\/p>\n<blockquote class=\"twitter-video\" data-lang=\"es\">\n<p dir=\"ltr\" lang=\"es\">Que incre\u00edble noticia, le mandamos un abrazo enorme a el y su familia. Mucha fuerza! &#x1f64c;&#x1f3fb;&#x1f64c;&#x1f3fb; <a href=\"https:\/\/twitter.com\/HHerreramex\">@HHerreramex<\/a> <a href=\"https:\/\/t.co\/VlSPLYs6eV\">pic.twitter.com\/VlSPLYs6eV<\/a><\/p>\n<p>\u2014 Miguel Layun (@Miguel_layun) <a href=\"https:\/\/twitter.com\/Miguel_layun\/status\/910929310915207169\">21 de septiembre de 2017<\/a><\/p><\/blockquote>\n<p><script async src=\"\/\/platform.twitter.com\/widgets.js\" charset=\"utf-8\"><\/script><\/p>\n<blockquote class=\"twitter-video\" data-lang=\"es\">\n<p dir=\"ltr\" lang=\"und\"><a href=\"https:\/\/t.co\/ZlbmQNYrUU\">pic.twitter.com\/ZlbmQNYrUU<\/a><\/p>\n<p>\u2014 alejandro cazares (@alecazares27) <a href=\"https:\/\/twitter.com\/alecazares27\/status\/910946964304465920\">21 de septiembre de 2017<\/a><\/p><\/blockquote>\n<p><script async src=\"\/\/platform.twitter.com\/widgets.js\" charset=\"utf-8\"><\/script><\/p>\n","protected":false},"excerpt":{"rendered":"<p>Varios futbolistas de las ligas m\u00e1s importantes mandaron un mensaje al ni\u00f1o mexicano<\/p>\n","protected":false},"author":20,"featured_media":501238,"comment_status":"closed","ping_status":"closed","sticky":false,"template":"","format":"standard","meta":[],"categories":[5,3839,2198,6718],"tags":[1607,5983,1035],"_links":{"self":[{"href":"http:\/\/desarrollo.grupomedios.com\/futbol\/wp-json\/wp\/v2\/posts\/501237"}],"collection":[{"href":"http:\/\/desarrollo.grupomedios.com\/futbol\/wp-json\/wp\/v2\/posts"}],"about":[{"href":"http:\/\/desarrollo.grupomedios.com\/futbol\/wp-json\/wp\/v2\/types\/post"}],"author":[{"embeddable":true,"href":"http:\/\/desarrollo.grupomedios.com\/futbol\/wp-json\/wp\/v2\/users\/20"}],"replies":[{"embeddable":true,"href":"http:\/\/desarrollo.grupomedios.com\/futbol\/wp-json\/wp\/v2\/comments?post=501237"}],"version-history":[{"count":1,"href":"http:\/\/desarrollo.grupomedios.com\/futbol\/wp-json\/wp\/v2\/posts\/501237\/revisions"}],"predecessor-version":[{"id":501239,"href":"http:\/\/desarrollo.grupomedios.com\/futbol\/wp-json\/wp\/v2\/posts\/501237\/revisions\/501239"}],"wp:featuredmedia":[{"embeddable":true,"href":"http:\/\/desarrollo.grupomedios.com\/futbol\/wp-json\/wp\/v2\/media\/501238"}],"wp:attachment":[{"href":"http:\/\/desarrollo.grupomedios.com\/futbol\/wp-json\/wp\/v2\/media?parent=501237"}],"wp:term":[{"taxonomy":"category","embeddable":true,"href":"http:\/\/desarrollo.grupomedios.com\/futbol\/wp-json\/wp\/v2\/categories?post=501237"},{"taxonomy":"post_tag","embeddable":true,"href":"http:\/\/desarrollo.grupomedios.com\/futbol\/wp-json\/wp\/v2\/tags?post=501237"}],"curies":[{"name":"wp","href":"https:\/\/api.w.org\/{rel}","templated":true}]}}