{"id":501244,"date":"2017-09-22T21:46:33","date_gmt":"2017-09-23T02:46:33","guid":{"rendered":"https:\/\/www.futboltotal.com.mx\/?p=501244"},"modified":"2017-09-22T21:46:33","modified_gmt":"2017-09-23T02:46:33","slug":"rafael-marquez-jugo-amistoso-atlas","status":"publish","type":"post","link":"http:\/\/desarrollo.grupomedios.com\/futbol\/futbol-mexicano\/rafael-marquez-jugo-amistoso-atlas\/2017\/09","title":{"rendered":"Rafael M\u00e1rquez jug\u00f3 amistoso con el Atlas"},"content":{"rendered":"<p>El futbolista mexicano <strong>Rafael M\u00e1rquez<\/strong> disput\u00f3 algunos minutos con el <strong>Atlas<\/strong> en un duelo amistoso con <strong>Leones Negros<\/strong> este viernes.<\/p>\n<p><strong>Gustavo Guzm\u00e1n<\/strong>, presidente del <strong>Atlas<\/strong>, declar\u00f3 a <em>RECORD<\/em> que el futbolista pudo participar porque no fue un encuentro oficial y por lo tanto no ten\u00edan ninguna implicaci\u00f3n.<\/p>\n<p style=\"text-align: center;\"><a href=\"https:\/\/www.futboltotal.com.mx\/2017\/09\/pulido-dani-alves-otros-envian-mensaje-a-nino-sobreviviente\/\"><span style=\"color: #333399;\">VER M\u00c1S: <span class=\"item-title\">Pulido, Dani Alves y otros env\u00edan mensaje a ni\u00f1o sobreviviente<\/span><\/span><\/a><\/p>\n<p>Sin embargo, el directivo atlista ha dejado claro que no puede pagarle a Rafael M\u00e1rquez, por los problemas legales que enfrenta actualmente el futbolista.<\/p>\n<p>Atlas no puede contar por el momento con el futbolista, pese a la petici\u00f3n que se ha hecho a la Oficina de Control de Bienes Extranjeros de Estados Unidos.<\/p>\n<p style=\"text-align: center;\"><span style=\"color: #333399;\"><a href=\"https:\/\/www.futboltotal.com.mx\/2017\/09\/wolfsburgo-manda-mensaje-apoyo-a-lobos-buap-mexico\/\">VER M\u00c1S: <span class=\"item-title\">Wolfsburgo manda mensaje de apoyo a Lobos BUAP y M\u00e9xico<\/span><\/a><\/span><\/p>\n","protected":false},"excerpt":{"rendered":"<p>El defensa rojinegro jug\u00f3 por primera vez desde su problema con la justicia<\/p>\n","protected":false},"author":20,"featured_media":501245,"comment_status":"closed","ping_status":"closed","sticky":false,"template":"","format":"standard","meta":[],"categories":[2198,3845],"tags":[5961,6033],"_links":{"self":[{"href":"http:\/\/desarrollo.grupomedios.com\/futbol\/wp-json\/wp\/v2\/posts\/501244"}],"collection":[{"href":"http:\/\/desarrollo.grupomedios.com\/futbol\/wp-json\/wp\/v2\/posts"}],"about":[{"href":"http:\/\/desarrollo.grupomedios.com\/futbol\/wp-json\/wp\/v2\/types\/post"}],"author":[{"embeddable":true,"href":"http:\/\/desarrollo.grupomedios.com\/futbol\/wp-json\/wp\/v2\/users\/20"}],"replies":[{"embeddable":true,"href":"http:\/\/desarrollo.grupomedios.com\/futbol\/wp-json\/wp\/v2\/comments?post=501244"}],"version-history":[{"count":1,"href":"http:\/\/desarrollo.grupomedios.com\/futbol\/wp-json\/wp\/v2\/posts\/501244\/revisions"}],"predecessor-version":[{"id":501246,"href":"http:\/\/desarrollo.grupomedios.com\/futbol\/wp-json\/wp\/v2\/posts\/501244\/revisions\/501246"}],"wp:featuredmedia":[{"embeddable":true,"href":"http:\/\/desarrollo.grupomedios.com\/futbol\/wp-json\/wp\/v2\/media\/501245"}],"wp:attachment":[{"href":"http:\/\/desarrollo.grupomedios.com\/futbol\/wp-json\/wp\/v2\/media?parent=501244"}],"wp:term":[{"taxonomy":"category","embeddable":true,"href":"http:\/\/desarrollo.grupomedios.com\/futbol\/wp-json\/wp\/v2\/categories?post=501244"},{"taxonomy":"post_tag","embeddable":true,"href":"http:\/\/desarrollo.grupomedios.com\/futbol\/wp-json\/wp\/v2\/tags?post=501244"}],"curies":[{"name":"wp","href":"https:\/\/api.w.org\/{rel}","templated":true}]}}