{"id":501248,"date":"2017-09-23T08:00:17","date_gmt":"2017-09-23T13:00:17","guid":{"rendered":"https:\/\/www.futboltotal.com.mx\/?p=501248"},"modified":"2017-09-23T08:59:18","modified_gmt":"2017-09-23T13:59:18","slug":"nuevo-sismo-se-registra-en-cdmx","status":"publish","type":"post","link":"http:\/\/desarrollo.grupomedios.com\/futbol\/destacado-home\/nuevo-sismo-se-registra-en-cdmx\/2017\/09","title":{"rendered":"Un nuevo sismo se registra en CDMX"},"content":{"rendered":"<div class=\"p402_premium\">\n<div class=\"p402_hide\">\n<div class=\"class_text\">\n<p>Un sismo con una magnitud de<strong> 6.1\u00a0grados<\/strong> en la escala de<strong> Richter<\/strong> se registr\u00f3 en la Ciudad de M\u00e9xico, con un epicentro en Oaxaca.<\/p>\n<p>A\u00a0las <strong>07:53 horas<\/strong> del s\u00e1bado 23 de septiembre \u00a0la alerta s\u00edsmica puso en alerta a la poblaci\u00f3n. El sismo tuvo un epicentro al oeste de Union Hidalgo, en Oaxaca, de acuerdo con el\u00a0<strong>Servicio Sismol\u00f3gico Nacional<\/strong>.<\/p>\n<blockquote class=\"twitter-tweet\" data-lang=\"es\">\n<p dir=\"ltr\" lang=\"es\">SISMO Magnitud 6.1 Loc. 7 km al OESTE de UNION HIDALGO, OAX 23\/09\/17 07:52:59 Lat 16.48 Lon -94.90 Pf 75 km<\/p>\n<p>\u2014 Sismologico Nacional (@SismologicoMX) <a href=\"https:\/\/twitter.com\/SismologicoMX\/status\/911578404222365697\">23 de septiembre de 2017<\/a><\/p><\/blockquote>\n<p><script async src=\"\/\/platform.twitter.com\/widgets.js\" charset=\"utf-8\"><\/script><\/p>\n<p style=\"text-align: center;\"><span style=\"color: #333399;\"><a href=\"https:\/\/www.futboltotal.com.mx\/2017\/09\/wolfsburgo-manda-mensaje-apoyo-a-lobos-buap-mexico\/\" target=\"_blank\" rel=\"noopener\">VER M\u00c1S: Wolfsburgo se une a Lobos BUAP y M\u00e9xico<\/a><\/span><\/p>\n<p>Sin embargo, el jefe de Gobierno capitalino indic\u00f3 que no se trat\u00f3 de una r\u00e9plica del que se vivi\u00f3 el pasado 19 de septiembre, pues los epicentros est\u00e1n muy alejados.<\/p>\n<blockquote><p>&#8220;No es una r\u00e9plica, es un sismo distinto porque este viene de Oaxaca&#8221;, indic\u00f3 el jefe de Gobierno de la Ciudad de M\u00e9xico, <strong>Miguel \u00c1ngel Mancera<\/strong>.<\/p><\/blockquote>\n<p>Muchas personas salieron de sus casas de inmediato al escuchar la alerta s\u00edsmica; sin embargo hasta el momento no se han registrado da\u00f1os hasta el momento en ning\u00fan punto de la capital.<\/p>\n<p style=\"text-align: center;\"><span style=\"color: #333399;\"><a href=\"https:\/\/www.futboltotal.com.mx\/2017\/09\/201709en-chivas-piensan-que-liga-deberia-detenerse-un-mes\/\" target=\"_blank\" rel=\"noopener\">VER M\u00c1S; Chivas piensa que liga deber\u00eda detenerse un mes<\/a><\/span><\/p>\n<p>&nbsp;<\/p>\n<p>&nbsp;<\/p>\n<p>&nbsp;<\/p>\n<p>&nbsp;<\/p>\n<p>&nbsp;<\/p>\n<\/div>\n<\/div>\n<\/div>\n","protected":false},"excerpt":{"rendered":"<p>La alerta se activo cerca de las 7:53 de la ma\u00f1ana<\/p>\n","protected":false},"author":20,"featured_media":501250,"comment_status":"closed","ping_status":"closed","sticky":false,"template":"","format":"standard","meta":[],"categories":[5419,5],"tags":[7151,10313,758],"_links":{"self":[{"href":"http:\/\/desarrollo.grupomedios.com\/futbol\/wp-json\/wp\/v2\/posts\/501248"}],"collection":[{"href":"http:\/\/desarrollo.grupomedios.com\/futbol\/wp-json\/wp\/v2\/posts"}],"about":[{"href":"http:\/\/desarrollo.grupomedios.com\/futbol\/wp-json\/wp\/v2\/types\/post"}],"author":[{"embeddable":true,"href":"http:\/\/desarrollo.grupomedios.com\/futbol\/wp-json\/wp\/v2\/users\/20"}],"replies":[{"embeddable":true,"href":"http:\/\/desarrollo.grupomedios.com\/futbol\/wp-json\/wp\/v2\/comments?post=501248"}],"version-history":[{"count":1,"href":"http:\/\/desarrollo.grupomedios.com\/futbol\/wp-json\/wp\/v2\/posts\/501248\/revisions"}],"predecessor-version":[{"id":501251,"href":"http:\/\/desarrollo.grupomedios.com\/futbol\/wp-json\/wp\/v2\/posts\/501248\/revisions\/501251"}],"wp:featuredmedia":[{"embeddable":true,"href":"http:\/\/desarrollo.grupomedios.com\/futbol\/wp-json\/wp\/v2\/media\/501250"}],"wp:attachment":[{"href":"http:\/\/desarrollo.grupomedios.com\/futbol\/wp-json\/wp\/v2\/media?parent=501248"}],"wp:term":[{"taxonomy":"category","embeddable":true,"href":"http:\/\/desarrollo.grupomedios.com\/futbol\/wp-json\/wp\/v2\/categories?post=501248"},{"taxonomy":"post_tag","embeddable":true,"href":"http:\/\/desarrollo.grupomedios.com\/futbol\/wp-json\/wp\/v2\/tags?post=501248"}],"curies":[{"name":"wp","href":"https:\/\/api.w.org\/{rel}","templated":true}]}}