{"id":501272,"date":"2017-09-23T11:53:22","date_gmt":"2017-09-23T16:53:22","guid":{"rendered":"https:\/\/www.futboltotal.com.mx\/?p=501272"},"modified":"2017-09-23T11:53:22","modified_gmt":"2017-09-23T16:53:22","slug":"dani-ceballos-roba-reflectores-da-triunfo-al-real-madrid","status":"publish","type":"post","link":"http:\/\/desarrollo.grupomedios.com\/futbol\/uncategorized\/dani-ceballos-roba-reflectores-da-triunfo-al-real-madrid\/2017\/09","title":{"rendered":"Dani Ceballos roba reflectores y da triunfo al Real Madrid"},"content":{"rendered":"<p><strong>Real Madrid<\/strong> venci\u00f3 al <strong>Deportivo Alav\u00e9s<\/strong> en\u00a0Mendizorroza, sin embargo el protagonismo no se lo llev\u00f3 Cristiano Ronaldo en esta ocasi\u00f3n, sino <strong>Dani Ceballos<\/strong> que marc\u00f3 el doblete para el triunfo.<\/p>\n<p>El encuentro se vio complicado para los merengues en los primeros minutos, un Alav\u00e9s cauteloso pero peligroso; que no dejaba jugar al Madrid pero no renunciaba al ataque.<\/p>\n<p>Dani Ceballos se encargo de romper la barrera del Alav\u00e9s con un disparo por abajo. Cabe se\u00f1alar que se trataba de su primer encuentro como titular con el conjunto merengue.<\/p>\n<p style=\"text-align: center;\"><span style=\"color: #333399;\"><a href=\"https:\/\/www.futboltotal.com.mx\/2017\/09\/madre-perdio-a-hijo-en-sismo-envia-carta-a-cristiano-ronaldo\/\" target=\"_blank\" rel=\"noopener\">VER M\u00c1S: Madre que perdi\u00f3 a hijo en sismo manda carta a Cristiano Ronaldo<\/a><\/span><\/p>\n<p>Al minuto 40 el Alav\u00e9s dio muestras de vida y <strong>Manu Garc\u00eda<\/strong> anot\u00f3 el gol del empate; pero la alegr\u00eda de emparejar el marcador dur\u00f3 muy poco.<\/p>\n<p>Apenas al 42 Dani Ceballos marc\u00f3 su doblete y se consagr\u00f3 con el Real Madrid en poco tiempo, pues se espera mucho del ex Betis.<\/p>\n<p>En el segundo tiempo <strong>Cristiano Ronaldo<\/strong> mand\u00f3 dos pelotas al palo que pudieron significar el tercero para los blancos, pero el Deportivo Alav\u00e9s tambi\u00e9n estrell\u00f3 dos balones en el poste que pudieron significar el empate.<\/p>\n<p style=\"text-align: center;\"><span style=\"color: #333399;\"><a href=\"https:\/\/www.futboltotal.com.mx\/2017\/09\/diego-costa-rechazo-a-este-equipo-inglaterra\/\" target=\"_blank\" rel=\"noopener\">VER M\u00c1S: Diego Costa rechaz\u00f3 a este equipo de Inglaterra<\/a><\/span><\/p>\n<p><iframe loading=\"lazy\" src=\"https:\/\/www.youtube.com\/embed\/AVt5nUBW63E?feature=oembed\" frameborder=\"0\" allowfullscreen><\/iframe><\/p>\n","protected":false},"excerpt":{"rendered":"<p>El equipo merengue logr\u00f3 ganar el encuentro <\/p>\n","protected":false},"author":20,"featured_media":501273,"comment_status":"closed","ping_status":"closed","sticky":false,"template":"","format":"standard","meta":[],"categories":[1],"tags":[7652,9295,253,6114,5988],"_links":{"self":[{"href":"http:\/\/desarrollo.grupomedios.com\/futbol\/wp-json\/wp\/v2\/posts\/501272"}],"collection":[{"href":"http:\/\/desarrollo.grupomedios.com\/futbol\/wp-json\/wp\/v2\/posts"}],"about":[{"href":"http:\/\/desarrollo.grupomedios.com\/futbol\/wp-json\/wp\/v2\/types\/post"}],"author":[{"embeddable":true,"href":"http:\/\/desarrollo.grupomedios.com\/futbol\/wp-json\/wp\/v2\/users\/20"}],"replies":[{"embeddable":true,"href":"http:\/\/desarrollo.grupomedios.com\/futbol\/wp-json\/wp\/v2\/comments?post=501272"}],"version-history":[{"count":1,"href":"http:\/\/desarrollo.grupomedios.com\/futbol\/wp-json\/wp\/v2\/posts\/501272\/revisions"}],"predecessor-version":[{"id":501274,"href":"http:\/\/desarrollo.grupomedios.com\/futbol\/wp-json\/wp\/v2\/posts\/501272\/revisions\/501274"}],"wp:featuredmedia":[{"embeddable":true,"href":"http:\/\/desarrollo.grupomedios.com\/futbol\/wp-json\/wp\/v2\/media\/501273"}],"wp:attachment":[{"href":"http:\/\/desarrollo.grupomedios.com\/futbol\/wp-json\/wp\/v2\/media?parent=501272"}],"wp:term":[{"taxonomy":"category","embeddable":true,"href":"http:\/\/desarrollo.grupomedios.com\/futbol\/wp-json\/wp\/v2\/categories?post=501272"},{"taxonomy":"post_tag","embeddable":true,"href":"http:\/\/desarrollo.grupomedios.com\/futbol\/wp-json\/wp\/v2\/tags?post=501272"}],"curies":[{"name":"wp","href":"https:\/\/api.w.org\/{rel}","templated":true}]}}