{"id":501298,"date":"2017-09-23T14:02:00","date_gmt":"2017-09-23T19:02:00","guid":{"rendered":"https:\/\/www.futboltotal.com.mx\/?p=501298"},"modified":"2017-09-23T14:02:24","modified_gmt":"2017-09-23T19:02:24","slug":"le-faltan-respeto-al-himno-corranlos-dice-trump-a-duenos-nfl","status":"publish","type":"post","link":"http:\/\/desarrollo.grupomedios.com\/futbol\/no-todo-es-futbol\/nfl\/le-faltan-respeto-al-himno-corranlos-dice-trump-a-duenos-nfl\/2017\/09","title":{"rendered":"&#8220;Si le faltan el respeto al himno, c\u00f3rranlos&#8221;, dice Trump a due\u00f1os de NFL"},"content":{"rendered":"<p><strong>Donald Trump<\/strong> critic\u00f3 durante un mitin en Alabama a jugadores de la <strong>NFL<\/strong> que han hecho protestas durante la interpretaci\u00f3n del himno nacional.<\/p>\n<p>El presidente inst\u00f3 a los due\u00f1os de esos equipos a despedir a los jugadores cr\u00edticos y a\u00f1adi\u00f3 que, si los aficionados &#8220;abandonaran el estadio&#8221; cuando tienen lugar protestas de ese tipo, esas &#8220;cosas parar\u00edan&#8221;.<\/p>\n<p><span class=\"classCadenaBusqueda\">Trump<\/span>\u00a0fue a\u00fan m\u00e1s lejos en su lenguaje al subrayar que los propietarios de entidades de la NFL deber\u00edan decirle a los deportistas rebeldes: &#8220;saquen a ese hijo de puta del campo ahora mismo&#8221;.<\/p>\n<p style=\"text-align: center;\"><span style=\"color: #333399;\">VER M\u00c1S:\u00a0<span class=\"item-title\">Donald Trump retira invitaci\u00f3n a la Casa Blanca a los Warriors<\/span><\/span><\/p>\n<p style=\"text-align: left;\">El pasado a\u00f1o, el afroamericano <strong>Colin Kaepernick<\/strong> (entonces jugador de los San Francisco 49ers y actualmente sin equipo) llam\u00f3 la atenci\u00f3n al no levantarse para rendir pleites\u00eda al himno nacional antes de un partido.<\/p>\n<p>&#8220;No me voy a levantar para mostrar orgullo por la bandera de un pa\u00eds que oprime a la gente negra y de color&#8221;, explic\u00f3 entonces Kaepernick.<\/p>\n<p>Las duras cr\u00edticas de\u00a0<span class=\"classCadenaBusqueda\">Trump<\/span>\u00a0provocaron hoy la reacci\u00f3n del comisionado de la NFL, Roger Goodell, quien asever\u00f3 en un comunicado que los comentarios del mandatario son &#8220;divisorios&#8221; y suponen una &#8220;desafortunada falta de respeto&#8221;.<\/p>\n<p style=\"text-align: center;\"><span style=\"color: #333399;\"><a href=\"https:\/\/www.futboltotal.com.mx\/2017\/09\/los-picks-la-semana-3-la-nfl\/\">VER M\u00c1S:\u00a0<span class=\"item-title\">Los Picks de la Semana 3 de la NFL<\/span><\/a><\/span><\/p>\n","protected":false},"excerpt":{"rendered":"<p>El presidente de los Estados Unidos dijo que no se puede faltar al respeto a uno de los emblemas nacionales<\/p>\n","protected":false},"author":144,"featured_media":501299,"comment_status":"closed","ping_status":"closed","sticky":false,"template":"","format":"standard","meta":[],"categories":[5811],"tags":[10102,6135,4395,1403],"_links":{"self":[{"href":"http:\/\/desarrollo.grupomedios.com\/futbol\/wp-json\/wp\/v2\/posts\/501298"}],"collection":[{"href":"http:\/\/desarrollo.grupomedios.com\/futbol\/wp-json\/wp\/v2\/posts"}],"about":[{"href":"http:\/\/desarrollo.grupomedios.com\/futbol\/wp-json\/wp\/v2\/types\/post"}],"author":[{"embeddable":true,"href":"http:\/\/desarrollo.grupomedios.com\/futbol\/wp-json\/wp\/v2\/users\/144"}],"replies":[{"embeddable":true,"href":"http:\/\/desarrollo.grupomedios.com\/futbol\/wp-json\/wp\/v2\/comments?post=501298"}],"version-history":[{"count":2,"href":"http:\/\/desarrollo.grupomedios.com\/futbol\/wp-json\/wp\/v2\/posts\/501298\/revisions"}],"predecessor-version":[{"id":501301,"href":"http:\/\/desarrollo.grupomedios.com\/futbol\/wp-json\/wp\/v2\/posts\/501298\/revisions\/501301"}],"wp:featuredmedia":[{"embeddable":true,"href":"http:\/\/desarrollo.grupomedios.com\/futbol\/wp-json\/wp\/v2\/media\/501299"}],"wp:attachment":[{"href":"http:\/\/desarrollo.grupomedios.com\/futbol\/wp-json\/wp\/v2\/media?parent=501298"}],"wp:term":[{"taxonomy":"category","embeddable":true,"href":"http:\/\/desarrollo.grupomedios.com\/futbol\/wp-json\/wp\/v2\/categories?post=501298"},{"taxonomy":"post_tag","embeddable":true,"href":"http:\/\/desarrollo.grupomedios.com\/futbol\/wp-json\/wp\/v2\/tags?post=501298"}],"curies":[{"name":"wp","href":"https:\/\/api.w.org\/{rel}","templated":true}]}}