{"id":501302,"date":"2017-09-23T14:12:28","date_gmt":"2017-09-23T19:12:28","guid":{"rendered":"https:\/\/www.futboltotal.com.mx\/?p=501302"},"modified":"2017-09-23T14:12:28","modified_gmt":"2017-09-23T19:12:28","slug":"sin-neymar-psg-ve-la-suya-en-montpellier","status":"publish","type":"post","link":"http:\/\/desarrollo.grupomedios.com\/futbol\/futbol-internacional\/sin-neymar-psg-ve-la-suya-en-montpellier\/2017\/09","title":{"rendered":"Sin Neymar, el PSG no ve la suya en Montpellier"},"content":{"rendered":"<p>El <strong>Paris Saint Germain<\/strong>, que no cont\u00f3 con el brasile\u00f1o <strong>Neymar<\/strong> por lesi\u00f3n, se dej\u00f3 en <strong>Montpellier<\/strong> los primeros puntos de la temporada, tras empatar sin goles en su encuentro de la s\u00e9ptima jornada de la Liga de Francia.<\/p>\n<p>El equipo de Unai Emery, que solo cambi\u00f3 de su once inicial habitual a los laterales y reserv\u00f3 al brasile\u00f1o Dani Alves y al franc\u00e9s Layvin Kurzawa para dar entrada al belga Thomas Meunier y al espa\u00f1ol Yuri Berchivhe, fue incapaz de marcar en el Stade de la Mosson.<\/p>\n<p>El Paris Saint Germain, que hab\u00eda ganado los seis partidos anteriores, se top\u00f3 con la s\u00f3lida resistencia de un rival que solo ha ganado dos de sus cinco partidos jugados y que el pasado fin de semana, con su victoria en Troyes, rompi\u00f3 una racha de cuatro encuentros sin ganar, tres de ellos perdidos.<\/p>\n<p style=\"text-align: center;\"><span style=\"color: #333399;\"><a href=\"https:\/\/www.futboltotal.com.mx\/2017\/09\/neymar-le-tira-canito-a-mbappe-provoca-burlas\/\">VER M\u00c1S:\u00a0<span class=\"item-title\">Neymar le tira un \u2018ca\u00f1ito\u2019 a Mbapp\u00e9 que provoca burlas\u00a0<\/span><\/a><\/span><\/p>\n<p style=\"text-align: left;\"><span style=\"color: #333399;\"><\/span>El conjunto parisino no aprovech\u00f3 ninguna de sus opciones de marcar para salir con los tres puntos. Los cambios de Emery tampoco surtieron efecto. A la hora de partido, el brasile\u00f1o Lucas Moura sali\u00f3 por el alem\u00e1n Julian Draxler. Y en el 70, Dani Alves ocup\u00f3 el puesto de Meunier. A diez del final, irrumpi\u00f3 en el campo el argentino Giovani Lo Celso por el italiano Thiago Motta.<\/p>\n<p>No logr\u00f3 vencer y el Paris Saint Germain, que se enfrentar\u00e1 al Bayern M\u00fanich en la segunda jornada de la Liga de Campeones, alienta al M\u00f3naco, segundo en la clasificaci\u00f3n, y que queda a un solo punto despu\u00e9s de su goleada el viernes en Lille.<\/p>\n<p style=\"text-align: center;\"><span style=\"color: #333399;\"><a href=\"https:\/\/www.futboltotal.com.mx\/2017\/09\/arsenal-buscara-llevarse-a-dries-mertens\/\">VER M\u00c1S:\u00a0<span class=\"item-title\">Arsenal buscar\u00e1 llevarse a Dries Mertens<\/span><\/a><\/span><\/p>\n","protected":false},"excerpt":{"rendered":"<p>El brasile\u00f1o estuvo descartado y el cuadro parisino no pas\u00f3 del empate sin goles<\/p>\n","protected":false},"author":144,"featured_media":501304,"comment_status":"closed","ping_status":"closed","sticky":false,"template":"","format":"standard","meta":[],"categories":[3839,9609],"tags":[458,6001,114],"_links":{"self":[{"href":"http:\/\/desarrollo.grupomedios.com\/futbol\/wp-json\/wp\/v2\/posts\/501302"}],"collection":[{"href":"http:\/\/desarrollo.grupomedios.com\/futbol\/wp-json\/wp\/v2\/posts"}],"about":[{"href":"http:\/\/desarrollo.grupomedios.com\/futbol\/wp-json\/wp\/v2\/types\/post"}],"author":[{"embeddable":true,"href":"http:\/\/desarrollo.grupomedios.com\/futbol\/wp-json\/wp\/v2\/users\/144"}],"replies":[{"embeddable":true,"href":"http:\/\/desarrollo.grupomedios.com\/futbol\/wp-json\/wp\/v2\/comments?post=501302"}],"version-history":[{"count":1,"href":"http:\/\/desarrollo.grupomedios.com\/futbol\/wp-json\/wp\/v2\/posts\/501302\/revisions"}],"predecessor-version":[{"id":501306,"href":"http:\/\/desarrollo.grupomedios.com\/futbol\/wp-json\/wp\/v2\/posts\/501302\/revisions\/501306"}],"wp:featuredmedia":[{"embeddable":true,"href":"http:\/\/desarrollo.grupomedios.com\/futbol\/wp-json\/wp\/v2\/media\/501304"}],"wp:attachment":[{"href":"http:\/\/desarrollo.grupomedios.com\/futbol\/wp-json\/wp\/v2\/media?parent=501302"}],"wp:term":[{"taxonomy":"category","embeddable":true,"href":"http:\/\/desarrollo.grupomedios.com\/futbol\/wp-json\/wp\/v2\/categories?post=501302"},{"taxonomy":"post_tag","embeddable":true,"href":"http:\/\/desarrollo.grupomedios.com\/futbol\/wp-json\/wp\/v2\/tags?post=501302"}],"curies":[{"name":"wp","href":"https:\/\/api.w.org\/{rel}","templated":true}]}}