{"id":501311,"date":"2017-09-23T14:52:06","date_gmt":"2017-09-23T19:52:06","guid":{"rendered":"https:\/\/www.futboltotal.com.mx\/?p=501311"},"modified":"2017-09-23T14:52:06","modified_gmt":"2017-09-23T19:52:06","slug":"guillotina-tecnicos-sera-proximo-entrenador-en-caer","status":"publish","type":"post","link":"http:\/\/desarrollo.grupomedios.com\/futbol\/futbol-mexicano\/guillotina-tecnicos-sera-proximo-entrenador-en-caer\/2017\/09","title":{"rendered":"Guillotina de t\u00e9cnicos, \u00bfqui\u00e9n ser\u00e1 el pr\u00f3ximo entrenador en caer?"},"content":{"rendered":"<p>La Jornada 11 de la Liga MX, que se jugar\u00e1 a media semana, podr\u00eda traer consigo la baja de alg\u00fan estratega.<\/p>\n<p style=\"text-align: center;\"><span style=\"color: #333399;\"><a href=\"https:\/\/www.futboltotal.com.mx\/2017\/09\/madre-perdio-a-hijo-en-sismo-envia-carta-a-cristiano-ronaldo\/\" target=\"_blank\" rel=\"noopener\">VER M\u00c1S: Madre que perdi\u00f3 a hijo en sismo env\u00eda carta a Cristiano Ronaldo<\/a><\/span><\/p>\n<p>Ya han sido 5 los directores t\u00e9cnicos que han perdido su trabajo en el presente Apertura 2017; sin embargo, hay otros nombres que parecen estar viviendo momentos extra en sus clubes.<\/p>\n<p><script type=\"text\/javascript\" src=\"\/\/cdn.playbuzz.com\/widget\/feed.js\"><\/script><\/p>\n<div class=\"pb_feed\" data-embed-by=\"d43f3879-83ed-40bc-99d7-fde80605466f\" data-item=\"91ee95c6-d5ba-46f7-b960-53ebdce4f286\" data-version=\"2\"><\/div>\n","protected":false},"excerpt":{"rendered":"<p>Estos son los nombres que no sobrevivir\u00edan a la Jornada 11<\/p>\n","protected":false},"author":20,"featured_media":501313,"comment_status":"closed","ping_status":"closed","sticky":false,"template":"","format":"standard","meta":[],"categories":[2198,3845],"tags":[8357,7037,64],"_links":{"self":[{"href":"http:\/\/desarrollo.grupomedios.com\/futbol\/wp-json\/wp\/v2\/posts\/501311"}],"collection":[{"href":"http:\/\/desarrollo.grupomedios.com\/futbol\/wp-json\/wp\/v2\/posts"}],"about":[{"href":"http:\/\/desarrollo.grupomedios.com\/futbol\/wp-json\/wp\/v2\/types\/post"}],"author":[{"embeddable":true,"href":"http:\/\/desarrollo.grupomedios.com\/futbol\/wp-json\/wp\/v2\/users\/20"}],"replies":[{"embeddable":true,"href":"http:\/\/desarrollo.grupomedios.com\/futbol\/wp-json\/wp\/v2\/comments?post=501311"}],"version-history":[{"count":1,"href":"http:\/\/desarrollo.grupomedios.com\/futbol\/wp-json\/wp\/v2\/posts\/501311\/revisions"}],"predecessor-version":[{"id":501314,"href":"http:\/\/desarrollo.grupomedios.com\/futbol\/wp-json\/wp\/v2\/posts\/501311\/revisions\/501314"}],"wp:featuredmedia":[{"embeddable":true,"href":"http:\/\/desarrollo.grupomedios.com\/futbol\/wp-json\/wp\/v2\/media\/501313"}],"wp:attachment":[{"href":"http:\/\/desarrollo.grupomedios.com\/futbol\/wp-json\/wp\/v2\/media?parent=501311"}],"wp:term":[{"taxonomy":"category","embeddable":true,"href":"http:\/\/desarrollo.grupomedios.com\/futbol\/wp-json\/wp\/v2\/categories?post=501311"},{"taxonomy":"post_tag","embeddable":true,"href":"http:\/\/desarrollo.grupomedios.com\/futbol\/wp-json\/wp\/v2\/tags?post=501311"}],"curies":[{"name":"wp","href":"https:\/\/api.w.org\/{rel}","templated":true}]}}