{"id":501312,"date":"2017-09-23T15:06:57","date_gmt":"2017-09-23T20:06:57","guid":{"rendered":"https:\/\/www.futboltotal.com.mx\/?p=501312"},"modified":"2017-09-23T15:06:57","modified_gmt":"2017-09-23T20:06:57","slug":"cristiano-ronaldo-hablara-padre-nino-fallecido-en-sismo","status":"publish","type":"post","link":"http:\/\/desarrollo.grupomedios.com\/futbol\/destacado-home\/cristiano-ronaldo-hablara-padre-nino-fallecido-en-sismo\/2017\/09","title":{"rendered":"Cristiano Ronaldo hablar\u00e1 con padre de ni\u00f1o fallecido en sismo"},"content":{"rendered":"<p><strong>Cristiano Ronaldo<\/strong> se ha enterado del mensaje que ha circulado en redes sociales sobre la petici\u00f3n de los padres del ni\u00f1o <strong>Santiago Flores Mora<\/strong>, quien falleciera en el colegio <strong>Enrique R\u00e9bsamen<\/strong> a causa del sismo de 7.1 grados que azot\u00f3 la Ciudad de M\u00e9xico y otras entidades del pa\u00eds, y quiere contactarlos.<\/p>\n<p>El portugu\u00e9s quiere ayudar a los pap\u00e1s de &#8216;Santi&#8217;, despu\u00e9s de enterarse toda la historia del ni\u00f1o que era un gran admirador de Cristiano Ronaldo, y esto ha sido confirmado a medios de comunicaci\u00f3n como Record y ESPN por personas allegadas al agente del futbolista Jorge Mendes.<\/p>\n<p style=\"text-align: center;\"><a href=\"https:\/\/www.futboltotal.com.mx\/2017\/09\/hashtag-cr7mx-piden-a-cristiano-ronaldo-leer-carta\/\">VER M\u00c1S:\u00a0<span class=\"item-title\">Con hashtag #CR7MX piden a Cristiano Ronaldo leer carta<\/span><\/a><\/p>\n<p><strong>Fernando Flores<\/strong>, el padre del ni\u00f1o Santiago, afirm\u00f3 que &#8220;me contacto alguien que est\u00e1 cerca del representante de Cristiano. Me dan la oportunidad de darme algunas palabras del jugador y es algo que esperamos y que con emoci\u00f3n las tomaremos, porque es algo que siempre quiso mi hijo&#8221;.<\/p>\n<p>El mensaje que se dio a conocer en redes sociales lleg\u00f3 hasta los o\u00eddos del futbolista, despu\u00e9s de la gran cantidad de personajes cercanos al jugador que compartieron este mensaje.<\/p>\n<blockquote class=\"twitter-tweet\" data-lang=\"es\">\n<p dir=\"ltr\" lang=\"es\">Ayuden a que esto llegue a <a href=\"https:\/\/twitter.com\/Cristiano\">@Cristiano<\/a> y pueda mandar unas palabras de consolaci\u00f3n para la familia, Santi era su m\u00e1s grande admirador. <a href=\"https:\/\/t.co\/lG5e8gDAoP\">pic.twitter.com\/lG5e8gDAoP<\/a><\/p>\n<p>\u2014 Brittany Flores. (@brittfm_) <a href=\"https:\/\/twitter.com\/brittfm_\/status\/911344408603262981\">22 de septiembre de 2017<\/a><\/p><\/blockquote>\n<p><script async src=\"\/\/platform.twitter.com\/widgets.js\" charset=\"utf-8\"><\/script><\/p>\n<p>&nbsp;<\/p>\n","protected":false},"excerpt":{"rendered":"<p>El delantero del Real Madrid quiere apoyar a la familia de &#8216;Santi&#8217;, uno de los ni\u00f1os fallecidos del colegio Enrique R\u00e9bsamen<\/p>\n","protected":false},"author":20,"featured_media":501315,"comment_status":"closed","ping_status":"closed","sticky":false,"template":"","format":"standard","meta":[],"categories":[5,3839,3844],"tags":[6013,5988,10319,10268],"_links":{"self":[{"href":"http:\/\/desarrollo.grupomedios.com\/futbol\/wp-json\/wp\/v2\/posts\/501312"}],"collection":[{"href":"http:\/\/desarrollo.grupomedios.com\/futbol\/wp-json\/wp\/v2\/posts"}],"about":[{"href":"http:\/\/desarrollo.grupomedios.com\/futbol\/wp-json\/wp\/v2\/types\/post"}],"author":[{"embeddable":true,"href":"http:\/\/desarrollo.grupomedios.com\/futbol\/wp-json\/wp\/v2\/users\/20"}],"replies":[{"embeddable":true,"href":"http:\/\/desarrollo.grupomedios.com\/futbol\/wp-json\/wp\/v2\/comments?post=501312"}],"version-history":[{"count":1,"href":"http:\/\/desarrollo.grupomedios.com\/futbol\/wp-json\/wp\/v2\/posts\/501312\/revisions"}],"predecessor-version":[{"id":501317,"href":"http:\/\/desarrollo.grupomedios.com\/futbol\/wp-json\/wp\/v2\/posts\/501312\/revisions\/501317"}],"wp:featuredmedia":[{"embeddable":true,"href":"http:\/\/desarrollo.grupomedios.com\/futbol\/wp-json\/wp\/v2\/media\/501315"}],"wp:attachment":[{"href":"http:\/\/desarrollo.grupomedios.com\/futbol\/wp-json\/wp\/v2\/media?parent=501312"}],"wp:term":[{"taxonomy":"category","embeddable":true,"href":"http:\/\/desarrollo.grupomedios.com\/futbol\/wp-json\/wp\/v2\/categories?post=501312"},{"taxonomy":"post_tag","embeddable":true,"href":"http:\/\/desarrollo.grupomedios.com\/futbol\/wp-json\/wp\/v2\/tags?post=501312"}],"curies":[{"name":"wp","href":"https:\/\/api.w.org\/{rel}","templated":true}]}}