{"id":501340,"date":"2017-09-23T17:20:52","date_gmt":"2017-09-23T22:20:52","guid":{"rendered":"https:\/\/www.futboltotal.com.mx\/?p=501340"},"modified":"2017-09-23T17:20:52","modified_gmt":"2017-09-23T22:20:52","slug":"raul-jimenez-benfica-remontan-posiciones-triunfo-en-casa","status":"publish","type":"post","link":"http:\/\/desarrollo.grupomedios.com\/futbol\/futbol-internacional\/raul-jimenez-benfica-remontan-posiciones-triunfo-en-casa\/2017\/09","title":{"rendered":"Ra\u00fal Jim\u00e9nez y Benfica remontan posiciones con triunfo en casa"},"content":{"rendered":"<p>El <strong>Benfica<\/strong> venci\u00f3 este s\u00e1bado con claridad al conjunto del <strong>Pa\u00e7os Ferreira<\/strong> en el Estadio da Luz, tras ganar por dos goles a cero.<\/p>\n<p>El primer gol que le dio la tranquilidad que buscaba el conjunto de Rui Vitoria lleg\u00f3 en el minuto 20, obra del argentino Franco Cervi, que se estrenaba, as\u00ed, en esta temporada.<\/p>\n<p><iframe loading=\"lazy\" src=\"https:\/\/www.youtube.com\/embed\/tJm-TnTy6hU\" frameborder=\"0\" allowfullscreen=\"allowfullscreen\"><\/iframe><\/p>\n<p>Ya en el segundo tiempo, el delantero brasile\u00f1o Jon\u00e1s confirmaba su olfato goleador con un tanto en el minuto 61 que sub\u00eda el 2-0 al marcador y que supon\u00eda su octavo gol en el campeonato.<\/p>\n<p style=\"text-align: center;\"><span style=\"color: #333399;\"><a href=\"https:\/\/www.futboltotal.com.mx\/2017\/09\/omar-govea-anota-golazo-en-belgica\/\">VER M\u00c1S:\u00a0<span class=\"item-title\">Omar Govea anota golazo en B\u00e9lgica<\/span><\/a><\/span><\/p>\n<p>Los encarnados del espa\u00f1ol Alex Grimaldo, que jug\u00f3 los 90 minutos, pudieron ampliar el marcador, sobre todo en la recta final con la entrada del mexicano<strong> Ra\u00fal Jim\u00e9nez<\/strong>, aunque no lograron batir la porter\u00eda del Pa\u00e7os de Ferreira.<\/p>\n<p>Tras los partidos disputados este s\u00e1bado, el Oporto es l\u00edder con 21 puntos (ha ganado los siete partidos), seguido del Sporting, que tiene 19, y el Benfica con 16, uno m\u00e1s que el Mar\u00edtimo, que tiene un partido menos.<\/p>\n<p style=\"text-align: center;\"><span style=\"color: #333399;\"><a href=\"https:\/\/www.futboltotal.com.mx\/2017\/09\/paulo-dybala-dirige-la-orquesta-en-goleada-la-juventus\/\">VER M\u00c1S:\u00a0<span class=\"item-title\">Paulo Dybala dirige la orquesta en goleada de la Juventus<\/span><\/a><\/span><\/p>\n","protected":false},"excerpt":{"rendered":"<p>El delantero mexicano tuvo participaci\u00f3n en el triunfo de las \u00c1guilas<\/p>\n","protected":false},"author":144,"featured_media":501342,"comment_status":"closed","ping_status":"closed","sticky":false,"template":"","format":"standard","meta":[],"categories":[3839,7709],"tags":[6060,742],"_links":{"self":[{"href":"http:\/\/desarrollo.grupomedios.com\/futbol\/wp-json\/wp\/v2\/posts\/501340"}],"collection":[{"href":"http:\/\/desarrollo.grupomedios.com\/futbol\/wp-json\/wp\/v2\/posts"}],"about":[{"href":"http:\/\/desarrollo.grupomedios.com\/futbol\/wp-json\/wp\/v2\/types\/post"}],"author":[{"embeddable":true,"href":"http:\/\/desarrollo.grupomedios.com\/futbol\/wp-json\/wp\/v2\/users\/144"}],"replies":[{"embeddable":true,"href":"http:\/\/desarrollo.grupomedios.com\/futbol\/wp-json\/wp\/v2\/comments?post=501340"}],"version-history":[{"count":1,"href":"http:\/\/desarrollo.grupomedios.com\/futbol\/wp-json\/wp\/v2\/posts\/501340\/revisions"}],"predecessor-version":[{"id":501343,"href":"http:\/\/desarrollo.grupomedios.com\/futbol\/wp-json\/wp\/v2\/posts\/501340\/revisions\/501343"}],"wp:featuredmedia":[{"embeddable":true,"href":"http:\/\/desarrollo.grupomedios.com\/futbol\/wp-json\/wp\/v2\/media\/501342"}],"wp:attachment":[{"href":"http:\/\/desarrollo.grupomedios.com\/futbol\/wp-json\/wp\/v2\/media?parent=501340"}],"wp:term":[{"taxonomy":"category","embeddable":true,"href":"http:\/\/desarrollo.grupomedios.com\/futbol\/wp-json\/wp\/v2\/categories?post=501340"},{"taxonomy":"post_tag","embeddable":true,"href":"http:\/\/desarrollo.grupomedios.com\/futbol\/wp-json\/wp\/v2\/tags?post=501340"}],"curies":[{"name":"wp","href":"https:\/\/api.w.org\/{rel}","templated":true}]}}