{"id":501351,"date":"2017-09-23T18:20:22","date_gmt":"2017-09-23T23:20:22","guid":{"rendered":"https:\/\/www.futboltotal.com.mx\/?p=501351"},"modified":"2017-09-23T18:30:28","modified_gmt":"2017-09-23T23:30:28","slug":"tuca-ferretti-regala-balones-a-dos-ninos-en-entrenamiento","status":"publish","type":"post","link":"http:\/\/desarrollo.grupomedios.com\/futbol\/futbol-mexicano\/tuca-ferretti-regala-balones-a-dos-ninos-en-entrenamiento\/2017\/09","title":{"rendered":"&#8216;Tuca&#8217; Ferretti regala balones a dos ni\u00f1os en entrenamiento"},"content":{"rendered":"<p><strong>Ricardo &#8216;Tuca&#8217; Ferretti<\/strong> tuvo un gesto muy noble con dos ni\u00f1os que estuvieron presentes en el entrenamiento a puerta abierta de los <strong>Tigres<\/strong>.<\/p>\n<p>El entrenador felino pidi\u00f3 que los ni\u00f1os ingresaran a la cancha, y \u00e9l les dio un bal\u00f3n a cada uno, adem\u00e1s de abrazarlos, en lo que fue un detalle muy agradable para toda la afici\u00f3n.<\/p>\n<div id=\"galleryRdl\" style=\"display:none;\"><img alt=\"\" src=\"http:\/\/desarrollo.grupomedios.com\/futbol\/wp-content\/uploads\/2017\/09\/tuca-1.jpg\" data-image=\"http:\/\/desarrollo.grupomedios.com\/futbol\/wp-content\/uploads\/2017\/09\/tuca-1.jpg\" data-description=\"tuca-1\"><img alt=\"\" src=\"http:\/\/desarrollo.grupomedios.com\/futbol\/wp-content\/uploads\/2017\/09\/tuca-2.jpg\" data-image=\"http:\/\/desarrollo.grupomedios.com\/futbol\/wp-content\/uploads\/2017\/09\/tuca-2.jpg\" data-description=\"tuca-2\"><\/div>\n        <script>\n        \/\/galeria 1\n        jQuery(document).ready(function(){ \n            var api;\n            api = jQuery(\"#galleryRdl\").unitegallery({\n                carousel_autoplay: false\n            }); \n        });\n        <\/script>\n        \n<p>Los <strong>Tigres<\/strong> tuvieron una gran idea para apoyar a los damnificados. Cada integrante que llevara algo para apoyar a las v\u00edctimas del sismo podr\u00edan ingresar a ver el entrenamiento de los felinos.<\/p>\n<p>La escuadra felina dio a conocer que fueron casi 18 mil personas las que apoyaron e ingresaron al estadio Universitario para ver la pr\u00e1ctica de los Tigres.<\/p>\n<blockquote class=\"twitter-tweet\" data-lang=\"es\">\n<p dir=\"ltr\" lang=\"es\">Aspectos del entrenamiento en el que asistieron 17 mil 634 Incomparables para ayudar a los damnificados por el sismo del pasado 19\/09. <a href=\"https:\/\/t.co\/dG0VpXAKiw\">pic.twitter.com\/dG0VpXAKiw<\/a><\/p>\n<p>\u2014 CLUB TIGRES OFICIAL (@TigresOficial) <a href=\"https:\/\/twitter.com\/TigresOficial\/status\/911636813831397376\">23 de septiembre de 2017<\/a><\/p><\/blockquote>\n<p><script async src=\"\/\/platform.twitter.com\/widgets.js\" charset=\"utf-8\"><\/script><\/p>\n","protected":false},"excerpt":{"rendered":"<p>Ricardo Ferretti pidi\u00f3 a los dos ni\u00f1os que ingresaran a la cancha e incluso los abraz\u00f3<\/p>\n","protected":false},"author":20,"featured_media":501352,"comment_status":"closed","ping_status":"closed","sticky":false,"template":"","format":"standard","meta":[],"categories":[2198,3845],"tags":[104,5973],"_links":{"self":[{"href":"http:\/\/desarrollo.grupomedios.com\/futbol\/wp-json\/wp\/v2\/posts\/501351"}],"collection":[{"href":"http:\/\/desarrollo.grupomedios.com\/futbol\/wp-json\/wp\/v2\/posts"}],"about":[{"href":"http:\/\/desarrollo.grupomedios.com\/futbol\/wp-json\/wp\/v2\/types\/post"}],"author":[{"embeddable":true,"href":"http:\/\/desarrollo.grupomedios.com\/futbol\/wp-json\/wp\/v2\/users\/20"}],"replies":[{"embeddable":true,"href":"http:\/\/desarrollo.grupomedios.com\/futbol\/wp-json\/wp\/v2\/comments?post=501351"}],"version-history":[{"count":3,"href":"http:\/\/desarrollo.grupomedios.com\/futbol\/wp-json\/wp\/v2\/posts\/501351\/revisions"}],"predecessor-version":[{"id":501357,"href":"http:\/\/desarrollo.grupomedios.com\/futbol\/wp-json\/wp\/v2\/posts\/501351\/revisions\/501357"}],"wp:featuredmedia":[{"embeddable":true,"href":"http:\/\/desarrollo.grupomedios.com\/futbol\/wp-json\/wp\/v2\/media\/501352"}],"wp:attachment":[{"href":"http:\/\/desarrollo.grupomedios.com\/futbol\/wp-json\/wp\/v2\/media?parent=501351"}],"wp:term":[{"taxonomy":"category","embeddable":true,"href":"http:\/\/desarrollo.grupomedios.com\/futbol\/wp-json\/wp\/v2\/categories?post=501351"},{"taxonomy":"post_tag","embeddable":true,"href":"http:\/\/desarrollo.grupomedios.com\/futbol\/wp-json\/wp\/v2\/tags?post=501351"}],"curies":[{"name":"wp","href":"https:\/\/api.w.org\/{rel}","templated":true}]}}