{"id":501368,"date":"2017-09-24T08:40:10","date_gmt":"2017-09-24T13:40:10","guid":{"rendered":"https:\/\/www.futboltotal.com.mx\/?p=501368"},"modified":"2017-09-24T09:18:20","modified_gmt":"2017-09-24T14:18:20","slug":"201709lobos-buap-goleado-fuera-de-las-canchas","status":"publish","type":"post","link":"http:\/\/desarrollo.grupomedios.com\/futbol\/videos\/201709lobos-buap-goleado-fuera-de-las-canchas\/2017\/09","title":{"rendered":"Lobos BUAP, goleado fuera de las canchas"},"content":{"rendered":"<p><strong>Lobos BUAP<\/strong> ha vivido uno de los ascensos m\u00e1s complicados de los \u00faltimos a\u00f1os. Muchas razones se han juntado para que el equipo poblano est\u00e9 con la zozobra semana a semana para saber si podr\u00e1 pasar la dif\u00edcil prueba de mantenerse al menos un a\u00f1o en la Liga MX.<\/p>\n<p>Los problemas de los lic\u00e1ntropos comenzaron desde el primer d\u00eda que estuvieron en un evento relacionado con la Primera Divisi\u00f3n: <strong>el d\u00eda del Draft<\/strong>. <strong>Rafael Puente del R\u00edo<\/strong> logr\u00f3 guiar a los Lobos a lograr el ascenso al m\u00e1ximo circuito, pero ah\u00ed terminaba su contrato, y renovarlo result\u00f3 una verdadera odisea para todos.<\/p>\n<p style=\"text-align: center;\"><span style=\"color: #333399;\"><a href=\"https:\/\/www.futboltotal.com.mx\/2017\/09\/wolfsburgo-manda-mensaje-apoyo-a-lobos-buap-mexico\/\">VER M\u00c1S:\u00a0<span class=\"item-title\">Wolfsburgo manda mensaje de apoyo a Lobos BUAP y M\u00e9xico<\/span><\/a><\/span><\/p>\n<p>El equipo poblano logr\u00f3 mantener a Puente en su cargo de entrenador, y a partir de ah\u00ed, tambi\u00e9n se empez\u00f3 a escribir una historia llena de problem\u00e1ticas irreales y hasta un poco rid\u00edculas con la escuadra poblana.<\/p>\n<p>Pleitos entre compa\u00f1eros, una franquicia que no se transmite por televisi\u00f3n, errores en la indumentaria para enfrentar los partidos, son s\u00f3lo algunas cosas que han vivido los Lobos BUAP.<\/p>\n<p style=\"text-align: center;\"><span style=\"color: #333399;\"><a href=\"https:\/\/www.futboltotal.com.mx\/2017\/09\/lobos-buap-desconocia-del-cambio-uniforme-ante-veracruz\/\">VER M\u00c1S:\u00a0<span class=\"item-title\">Lobos BUAP desconoc\u00eda del cambio de uniforme ante Veracruz<\/span><\/a><\/span><\/p>\n<p>Si quieres saber todo lo que ha enfrentado el &#8216;Benjam\u00edn&#8217; de la Liga MX, no te pierdas esta pieza de video aqu\u00ed.<\/p>\n<p>[video_player] https:\/\/player.vimeo.com\/external\/235061278.hd.mp4?s=7dbca7d30cdb2dc7dc47bfd44c1bb2e800f4d4c4&amp;profile_id=174\u00a0[\/video_player]<\/p>\n","protected":false},"excerpt":{"rendered":"<p>Los lic\u00e1ntropos han tenido que sobrevivir en una liga tan feroz como la Liga MX.<\/p>\n","protected":false},"author":160,"featured_media":501369,"comment_status":"closed","ping_status":"closed","sticky":false,"template":"","format":"standard","meta":[],"categories":[5,2198,3845,4],"tags":[9642,431,9660],"_links":{"self":[{"href":"http:\/\/desarrollo.grupomedios.com\/futbol\/wp-json\/wp\/v2\/posts\/501368"}],"collection":[{"href":"http:\/\/desarrollo.grupomedios.com\/futbol\/wp-json\/wp\/v2\/posts"}],"about":[{"href":"http:\/\/desarrollo.grupomedios.com\/futbol\/wp-json\/wp\/v2\/types\/post"}],"author":[{"embeddable":true,"href":"http:\/\/desarrollo.grupomedios.com\/futbol\/wp-json\/wp\/v2\/users\/160"}],"replies":[{"embeddable":true,"href":"http:\/\/desarrollo.grupomedios.com\/futbol\/wp-json\/wp\/v2\/comments?post=501368"}],"version-history":[{"count":3,"href":"http:\/\/desarrollo.grupomedios.com\/futbol\/wp-json\/wp\/v2\/posts\/501368\/revisions"}],"predecessor-version":[{"id":501401,"href":"http:\/\/desarrollo.grupomedios.com\/futbol\/wp-json\/wp\/v2\/posts\/501368\/revisions\/501401"}],"wp:featuredmedia":[{"embeddable":true,"href":"http:\/\/desarrollo.grupomedios.com\/futbol\/wp-json\/wp\/v2\/media\/501369"}],"wp:attachment":[{"href":"http:\/\/desarrollo.grupomedios.com\/futbol\/wp-json\/wp\/v2\/media?parent=501368"}],"wp:term":[{"taxonomy":"category","embeddable":true,"href":"http:\/\/desarrollo.grupomedios.com\/futbol\/wp-json\/wp\/v2\/categories?post=501368"},{"taxonomy":"post_tag","embeddable":true,"href":"http:\/\/desarrollo.grupomedios.com\/futbol\/wp-json\/wp\/v2\/tags?post=501368"}],"curies":[{"name":"wp","href":"https:\/\/api.w.org\/{rel}","templated":true}]}}