{"id":501393,"date":"2017-09-24T08:46:27","date_gmt":"2017-09-24T13:46:27","guid":{"rendered":"https:\/\/www.futboltotal.com.mx\/?p=501393"},"modified":"2017-09-24T08:46:27","modified_gmt":"2017-09-24T13:46:27","slug":"martin-cauteruccio-acudio-voluntario-a-albergue","status":"publish","type":"post","link":"http:\/\/desarrollo.grupomedios.com\/futbol\/futbol-mexicano\/martin-cauteruccio-acudio-voluntario-a-albergue\/2017\/09","title":{"rendered":"Mart\u00edn Cauteruccio acudi\u00f3 como voluntario a un albergue"},"content":{"rendered":"<p>El delantero uruguayo <strong>Mart\u00edn Cauteruccio<\/strong>, futbolista del <strong>Cruz Azul<\/strong>, acudi\u00f3 a un albergue al sur de la Ciudad de M\u00e9xico ayudando a cargar v\u00edveres y donaciones en apoyo a las v\u00edctimas del <strong>sismo<\/strong> sufrido en <strong>M\u00e9xico<\/strong> el pasado 19 de septiembre.<\/p>\n<p>El futbolista de <em>La M\u00e1quina<\/em> se uni\u00f3 a los gestos de algunos de sus <a href=\"https:\/\/www.futboltotal.com.mx\/2017\/09\/chuy-corona-aparecio-en-xochimilco-levantar-escombros\/\" target=\"_blank\" rel=\"noopener\"><span style=\"color: #333399;\">compa\u00f1eros como <strong>Jes\u00fas Corona<\/strong>, <strong>Gerardo Flores<\/strong> o <strong>Christian Gim\u00e9nez<\/strong><\/span><\/a>, quienes en d\u00edas pasados han sido voluntarios en otras zonas de la ciudad.<\/p>\n<p style=\"text-align: center;\"><a href=\"https:\/\/www.futboltotal.com.mx\/2017\/09\/chucky-lozano-reaparecio-gol-en-aplastante-triunfo-del-psv\/\" target=\"_blank\" rel=\"noopener\"><span style=\"color: #333399;\">VER M\u00c1S: Chucky Lozano reapareci\u00f3 con gol en aplastante triunfo del PSV<\/span><\/a><\/p>\n<p><a href=\"https:\/\/www.futboltotal.com.mx\/wp-content\/uploads\/2017\/09\/Cauteruccio-voluntario-damnificados-temblor.jpg\"><img decoding=\"async\" loading=\"lazy\" class=\"aligncenter size-large wp-image-501394\" src=\"https:\/\/www.futboltotal.com.mx\/wp-content\/uploads\/2017\/09\/Cauteruccio-voluntario-damnificados-temblor-1024x576.jpg\" alt=\"Mart\u00edn Cauteruccio acudi\u00f3 como voluntario a un albergue 0\" srcset=\"http:\/\/desarrollo.grupomedios.com\/futbol\/wp-content\/uploads\/2017\/09\/Cauteruccio-voluntario-damnificados-temblor-1024x576.jpg 1024w, http:\/\/desarrollo.grupomedios.com\/futbol\/wp-content\/uploads\/2017\/09\/Cauteruccio-voluntario-damnificados-temblor-300x169.jpg 300w, http:\/\/desarrollo.grupomedios.com\/futbol\/wp-content\/uploads\/2017\/09\/Cauteruccio-voluntario-damnificados-temblor-768x432.jpg 768w, http:\/\/desarrollo.grupomedios.com\/futbol\/wp-content\/uploads\/2017\/09\/Cauteruccio-voluntario-damnificados-temblor-393x221.jpg 393w, http:\/\/desarrollo.grupomedios.com\/futbol\/wp-content\/uploads\/2017\/09\/Cauteruccio-voluntario-damnificados-temblor.jpg 1136w\" sizes=\"(max-width: 1024px) 100vw, 1024px\" \/><\/a><\/p>\n<p>&#8220;Un jugador del\u00a0<b>Cruz Azul<\/b>\u00a0me trajo mi andadera. Nueva. Me la compr\u00f3 en 20 minutos porque yo no encontraba la m\u00eda&#8221;, declar\u00f3 la se\u00f1ora Aurora Robles en referencia a <strong>Cauteruccio<\/strong>, esto para el suplemento deportivo Ovaci\u00f3n.<\/p>\n<p><em>Caute<\/em> estuvo barriendo, limpiando pisos y dando de comer a los damnificados que se encuentran en el albergue del Centro Universitario M\u00e9xico.<\/p>\n","protected":false},"excerpt":{"rendered":"<p>El delantero uruguayo de Cruz Azul se uni\u00f3 en favor de los damnificados.<\/p>\n","protected":false},"author":20,"featured_media":501394,"comment_status":"closed","ping_status":"closed","sticky":false,"template":"","format":"standard","meta":[],"categories":[2198,3845],"tags":[10266,5962,1583,65,758,10126],"_links":{"self":[{"href":"http:\/\/desarrollo.grupomedios.com\/futbol\/wp-json\/wp\/v2\/posts\/501393"}],"collection":[{"href":"http:\/\/desarrollo.grupomedios.com\/futbol\/wp-json\/wp\/v2\/posts"}],"about":[{"href":"http:\/\/desarrollo.grupomedios.com\/futbol\/wp-json\/wp\/v2\/types\/post"}],"author":[{"embeddable":true,"href":"http:\/\/desarrollo.grupomedios.com\/futbol\/wp-json\/wp\/v2\/users\/20"}],"replies":[{"embeddable":true,"href":"http:\/\/desarrollo.grupomedios.com\/futbol\/wp-json\/wp\/v2\/comments?post=501393"}],"version-history":[{"count":1,"href":"http:\/\/desarrollo.grupomedios.com\/futbol\/wp-json\/wp\/v2\/posts\/501393\/revisions"}],"predecessor-version":[{"id":501395,"href":"http:\/\/desarrollo.grupomedios.com\/futbol\/wp-json\/wp\/v2\/posts\/501393\/revisions\/501395"}],"wp:featuredmedia":[{"embeddable":true,"href":"http:\/\/desarrollo.grupomedios.com\/futbol\/wp-json\/wp\/v2\/media\/501394"}],"wp:attachment":[{"href":"http:\/\/desarrollo.grupomedios.com\/futbol\/wp-json\/wp\/v2\/media?parent=501393"}],"wp:term":[{"taxonomy":"category","embeddable":true,"href":"http:\/\/desarrollo.grupomedios.com\/futbol\/wp-json\/wp\/v2\/categories?post=501393"},{"taxonomy":"post_tag","embeddable":true,"href":"http:\/\/desarrollo.grupomedios.com\/futbol\/wp-json\/wp\/v2\/tags?post=501393"}],"curies":[{"name":"wp","href":"https:\/\/api.w.org\/{rel}","templated":true}]}}