{"id":501408,"date":"2017-09-24T11:53:02","date_gmt":"2017-09-24T16:53:02","guid":{"rendered":"https:\/\/www.futboltotal.com.mx\/?p=501408"},"modified":"2017-09-24T11:53:02","modified_gmt":"2017-09-24T16:53:02","slug":"revelan-contacto-a-cristiano-atender-a-familia-mexicana","status":"publish","type":"post","link":"http:\/\/desarrollo.grupomedios.com\/futbol\/futbol-mexicano\/revelan-contacto-a-cristiano-atender-a-familia-mexicana\/2017\/09","title":{"rendered":"Revelan qui\u00e9n contact\u00f3 a Cristiano para atender a familia mexicana"},"content":{"rendered":"<p>Luego de que se anunciara que <strong>Cristiano Ronaldo<\/strong> <span style=\"color: #3366ff;\"><a href=\"https:\/\/www.futboltotal.com.mx\/2017\/09\/cristiano-ronaldo-hablara-padre-nino-fallecido-en-sismo\/\" target=\"_blank\" rel=\"noopener\">hablar\u00e1 con los padres del ni\u00f1o fallecido<\/a><\/span> durante el pasado sismo del 19 de septiembre, se ha revelado qui\u00e9n fue el encargado de hacerle llegar la noticia al jugador del<strong> Real Madrid<\/strong>.<\/p>\n<p>Fue a trav\u00e9s de su cuenta de Twitter donde se hizo viral la carta de la familia <strong>Flores Mora<\/strong> y por ese mismo medio, el periodista <strong>Joaqu\u00edn L\u00f3pez D\u00f3riga<\/strong> comparti\u00f3 quien fue el encargado de avisar al portugu\u00e9s.<\/p>\n<p>&#8220;El gran @AlejandroSanz me confirma que \u00e9l personalmente le envi\u00f3 la carta de los pap\u00e1s del ni\u00f1o Santiago a @Cristiano&#8221;, escribi\u00f3 <strong>L\u00f3pez D\u00f3riga<\/strong> en su cuenta de Twitter.<\/p>\n<p style=\"text-align: center;\"><span style=\"color: #3366ff;\"><a href=\"https:\/\/www.futboltotal.com.mx\/2017\/09\/sobreviviente-fabrica-textil-salio-portando-playera-cruz-azul\/\">VER M\u00c1S: Sobreviviente de f\u00e1brica textil sali\u00f3 portando playera de Cruz Azul<\/a><\/span><\/p>\n<blockquote class=\"twitter-tweet\" data-width=\"500\">\n<p lang=\"es\" dir=\"ltr\">El gran <a href=\"https:\/\/twitter.com\/AlejandroSanz\">@AlejandroSanz<\/a> me confirma que \u00e9l personalmente le envi\u00f3 la carta de los pap\u00e1s del ni\u00f1o Santiago a <a href=\"https:\/\/twitter.com\/Cristiano\">@Cristiano<\/a> <a href=\"https:\/\/t.co\/WwQAkxy5i4\">pic.twitter.com\/WwQAkxy5i4<\/a><\/p>\n<p>&mdash; Joaqu\u00edn L\u00f3pez-D\u00f3riga (@lopezdoriga) <a href=\"https:\/\/twitter.com\/lopezdoriga\/status\/911774813928214528\">September 24, 2017<\/a><\/p><\/blockquote>\n<p><script async src=\"\/\/platform.twitter.com\/widgets.js\" charset=\"utf-8\"><\/script><\/p>\n<p>Y es que el cantante espa\u00f1ol es un amigo cercano a <strong>Cristiano<\/strong>, por o que decidi\u00f3 compartirle personalmente la petici\u00f3n de todos los mexicanos.<\/p>\n","protected":false},"excerpt":{"rendered":"<p>Un importante cantante fue el encargado de contactar al portugu\u00e9s.<\/p>\n","protected":false},"author":20,"featured_media":491601,"comment_status":"closed","ping_status":"closed","sticky":false,"template":"","format":"standard","meta":[],"categories":[3839,2198],"tags":[10325,6013,758],"_links":{"self":[{"href":"http:\/\/desarrollo.grupomedios.com\/futbol\/wp-json\/wp\/v2\/posts\/501408"}],"collection":[{"href":"http:\/\/desarrollo.grupomedios.com\/futbol\/wp-json\/wp\/v2\/posts"}],"about":[{"href":"http:\/\/desarrollo.grupomedios.com\/futbol\/wp-json\/wp\/v2\/types\/post"}],"author":[{"embeddable":true,"href":"http:\/\/desarrollo.grupomedios.com\/futbol\/wp-json\/wp\/v2\/users\/20"}],"replies":[{"embeddable":true,"href":"http:\/\/desarrollo.grupomedios.com\/futbol\/wp-json\/wp\/v2\/comments?post=501408"}],"version-history":[{"count":1,"href":"http:\/\/desarrollo.grupomedios.com\/futbol\/wp-json\/wp\/v2\/posts\/501408\/revisions"}],"predecessor-version":[{"id":501409,"href":"http:\/\/desarrollo.grupomedios.com\/futbol\/wp-json\/wp\/v2\/posts\/501408\/revisions\/501409"}],"wp:featuredmedia":[{"embeddable":true,"href":"http:\/\/desarrollo.grupomedios.com\/futbol\/wp-json\/wp\/v2\/media\/491601"}],"wp:attachment":[{"href":"http:\/\/desarrollo.grupomedios.com\/futbol\/wp-json\/wp\/v2\/media?parent=501408"}],"wp:term":[{"taxonomy":"category","embeddable":true,"href":"http:\/\/desarrollo.grupomedios.com\/futbol\/wp-json\/wp\/v2\/categories?post=501408"},{"taxonomy":"post_tag","embeddable":true,"href":"http:\/\/desarrollo.grupomedios.com\/futbol\/wp-json\/wp\/v2\/tags?post=501408"}],"curies":[{"name":"wp","href":"https:\/\/api.w.org\/{rel}","templated":true}]}}