{"id":501422,"date":"2017-09-24T14:35:15","date_gmt":"2017-09-24T19:35:15","guid":{"rendered":"https:\/\/www.futboltotal.com.mx\/?p=501422"},"modified":"2017-09-24T14:35:15","modified_gmt":"2017-09-24T19:35:15","slug":"gignac-triplica-precio-subasta-ayudar-a-damnificados","status":"publish","type":"post","link":"http:\/\/desarrollo.grupomedios.com\/futbol\/futbol-mexicano\/gignac-triplica-precio-subasta-ayudar-a-damnificados\/2017\/09","title":{"rendered":"Gignac triplica precio de subasta para ayudar a damnificados"},"content":{"rendered":"<p>El mundo del futbol se sigue uniendo a la causa para apoyar a M\u00e9xico luego del sismo del 19 de septiembre y el delantero de<strong> Tigres<\/strong>, <strong>Andr\u00e9-Pierre Gignac<\/strong>, sigue demostrando su calidad de ser humano apoyando a todos los damnificados.<\/p>\n<p>Ahora el franc\u00e9s apoy\u00f3 a <strong>Edgar Gerardo Lugo<\/strong>, quien tambi\u00e9n ha estado ayudando en el centro de acopio del <strong>Quer\u00e9taro<\/strong>.<\/p>\n<p style=\"text-align: center;\"><span style=\"color: #3366ff;\"><a href=\"https:\/\/www.futboltotal.com.mx\/2017\/09\/cristiano-ronaldo-respondio-a-la-familia-del-nino-santiago\/\">VER M\u00c1S: \u00a1Cristiano Ronaldo respondi\u00f3 a la familia del ni\u00f1o Santiago!<\/a><\/span><\/p>\n<blockquote class=\"twitter-tweet\" data-width=\"500\">\n<p lang=\"es\" dir=\"ltr\">Gente q quiera ayudar con algo estamos en cegar para recibir cualquier ayuda los esperamos estaremos hasta las 6 de la tarde <a href=\"https:\/\/twitter.com\/hashtag\/AyudaAMexico?src=hash\">#AyudaAMexico<\/a> <a href=\"https:\/\/t.co\/M35Tjt3cBs\">pic.twitter.com\/M35Tjt3cBs<\/a><\/p>\n<p>&mdash; Edgar Gerardo Lugo (@GLugo23) <a href=\"https:\/\/twitter.com\/GLugo23\/status\/910946669478498307\">September 21, 2017<\/a><\/p><\/blockquote>\n<p><script async src=\"\/\/platform.twitter.com\/widgets.js\" charset=\"utf-8\"><\/script><\/p>\n<p>El mediocampista realiz\u00f3 una subasta mediante su cuenta de Twitter. El ganador se llevar\u00e1 su jersey y lo recaudado ser\u00e1 donado a las v\u00edctimas. Hasta este domingo, la oferta m\u00e1s alta era de $3600 pesos, hasta que <strong>Andr\u00e9 Pierre Gignac<\/strong> apareci\u00f3.<\/p>\n<p>Fue el franc\u00e9s quien mand\u00f3 la oferta m\u00e1s alta en respuesta a su &#8220;ex compa\u00f1ero de cuarto&#8221;, como mencion\u00f3 en su tuit.<\/p>\n<p>https:\/\/twitter.com\/10APG\/status\/912000935412555776<\/p>\n<p>La subasta terminar\u00e1 este domingo a las 20:00 hrs. y parece que<strong> Gignac<\/strong> ser\u00e1 el ganador del jersey de<strong> Gerardo Lugo<\/strong>.<\/p>\n","protected":false},"excerpt":{"rendered":"<p>El franc\u00e9s sigue mostrando su apoyo a M\u00e9xico.<\/p>\n","protected":false},"author":20,"featured_media":499232,"comment_status":"closed","ping_status":"closed","sticky":false,"template":"","format":"standard","meta":[],"categories":[2198,3845],"tags":[5430,64,758],"_links":{"self":[{"href":"http:\/\/desarrollo.grupomedios.com\/futbol\/wp-json\/wp\/v2\/posts\/501422"}],"collection":[{"href":"http:\/\/desarrollo.grupomedios.com\/futbol\/wp-json\/wp\/v2\/posts"}],"about":[{"href":"http:\/\/desarrollo.grupomedios.com\/futbol\/wp-json\/wp\/v2\/types\/post"}],"author":[{"embeddable":true,"href":"http:\/\/desarrollo.grupomedios.com\/futbol\/wp-json\/wp\/v2\/users\/20"}],"replies":[{"embeddable":true,"href":"http:\/\/desarrollo.grupomedios.com\/futbol\/wp-json\/wp\/v2\/comments?post=501422"}],"version-history":[{"count":1,"href":"http:\/\/desarrollo.grupomedios.com\/futbol\/wp-json\/wp\/v2\/posts\/501422\/revisions"}],"predecessor-version":[{"id":501425,"href":"http:\/\/desarrollo.grupomedios.com\/futbol\/wp-json\/wp\/v2\/posts\/501422\/revisions\/501425"}],"wp:featuredmedia":[{"embeddable":true,"href":"http:\/\/desarrollo.grupomedios.com\/futbol\/wp-json\/wp\/v2\/media\/499232"}],"wp:attachment":[{"href":"http:\/\/desarrollo.grupomedios.com\/futbol\/wp-json\/wp\/v2\/media?parent=501422"}],"wp:term":[{"taxonomy":"category","embeddable":true,"href":"http:\/\/desarrollo.grupomedios.com\/futbol\/wp-json\/wp\/v2\/categories?post=501422"},{"taxonomy":"post_tag","embeddable":true,"href":"http:\/\/desarrollo.grupomedios.com\/futbol\/wp-json\/wp\/v2\/tags?post=501422"}],"curies":[{"name":"wp","href":"https:\/\/api.w.org\/{rel}","templated":true}]}}