{"id":501427,"date":"2017-09-24T14:01:28","date_gmt":"2017-09-24T19:01:28","guid":{"rendered":"https:\/\/www.futboltotal.com.mx\/?p=501427"},"modified":"2017-09-24T15:11:06","modified_gmt":"2017-09-24T20:11:06","slug":"ochoa-standard-lieja-regresan-al-triunfo","status":"publish","type":"post","link":"http:\/\/desarrollo.grupomedios.com\/futbol\/destacado-home\/ochoa-standard-lieja-regresan-al-triunfo\/2017\/09","title":{"rendered":"Ochoa y el Standard de Lieja regresan al triunfo"},"content":{"rendered":"<p>El mexicano <strong>Guillermo Ochoa<\/strong> y el<strong> Standard de Lieja<\/strong> regresaron al triunfo luego de darle la voltereta por 2-1 al <strong>Lokeren<\/strong> en la Jornada 8 de la <strong>Jupiter League de B\u00e9lgica<\/strong>.<\/p>\n<p>https:\/\/twitter.com\/StandardLiejaES\/status\/912042119107272705<\/p>\n<p>El partido fue complicado para ambos equipos durante la primera mitad, pues a pesar de que el <strong>Standard<\/strong> domin\u00f3, antes de que terminara el primer tiempo se fueron abajo luego de un disparo al \u00e1ngulo que <strong>Ochoa<\/strong> no pudo atajar.<\/p>\n<p>Para la parte complementaria, el Lokeren sufri\u00f3 la expulsi\u00f3n del italiano Marzo y con ello el equipo local se fue con todo al frente, hasta que consigui\u00f3 el empate gracias a \u010cop al minuto 52&#8242;.<\/p>\n<p style=\"text-align: center;\"><span style=\"color: #3366ff;\"><a href=\"https:\/\/www.futboltotal.com.mx\/2017\/09\/cristiano-ronaldo-respondio-a-la-familia-del-nino-santiago\/\">VER M\u00c1S: \u00a1Cristiano Ronaldo respondi\u00f3 a la familia del ni\u00f1o Santiago!<\/a><\/span><\/p>\n<p>Incluso la visita tuvo oportunidad para irse arriba pero otra vez el mexicano <strong>Ochoa<\/strong> fue el h\u00e9roe de su equipo y realiz\u00f3 una grand\u00edsima atajada para evitar el segundo gol.<\/p>\n<p>https:\/\/twitter.com\/StandardLiejaES\/status\/912044802786693120<\/p>\n<p>Fue en el tiempo de descuento cuando Mpoke marc\u00f3 el gol del triunfo para el Standard de Lieja.<\/p>\n","protected":false},"excerpt":{"rendered":"<p>El arquero mexicano volvi\u00f3 a ser fundamental para su equipo.<\/p>\n","protected":false},"author":129,"featured_media":501192,"comment_status":"closed","ping_status":"closed","sticky":false,"template":"","format":"standard","meta":[],"categories":[5,3839],"tags":[6214,5991,4545,2252],"_links":{"self":[{"href":"http:\/\/desarrollo.grupomedios.com\/futbol\/wp-json\/wp\/v2\/posts\/501427"}],"collection":[{"href":"http:\/\/desarrollo.grupomedios.com\/futbol\/wp-json\/wp\/v2\/posts"}],"about":[{"href":"http:\/\/desarrollo.grupomedios.com\/futbol\/wp-json\/wp\/v2\/types\/post"}],"author":[{"embeddable":true,"href":"http:\/\/desarrollo.grupomedios.com\/futbol\/wp-json\/wp\/v2\/users\/129"}],"replies":[{"embeddable":true,"href":"http:\/\/desarrollo.grupomedios.com\/futbol\/wp-json\/wp\/v2\/comments?post=501427"}],"version-history":[{"count":1,"href":"http:\/\/desarrollo.grupomedios.com\/futbol\/wp-json\/wp\/v2\/posts\/501427\/revisions"}],"predecessor-version":[{"id":501428,"href":"http:\/\/desarrollo.grupomedios.com\/futbol\/wp-json\/wp\/v2\/posts\/501427\/revisions\/501428"}],"wp:featuredmedia":[{"embeddable":true,"href":"http:\/\/desarrollo.grupomedios.com\/futbol\/wp-json\/wp\/v2\/media\/501192"}],"wp:attachment":[{"href":"http:\/\/desarrollo.grupomedios.com\/futbol\/wp-json\/wp\/v2\/media?parent=501427"}],"wp:term":[{"taxonomy":"category","embeddable":true,"href":"http:\/\/desarrollo.grupomedios.com\/futbol\/wp-json\/wp\/v2\/categories?post=501427"},{"taxonomy":"post_tag","embeddable":true,"href":"http:\/\/desarrollo.grupomedios.com\/futbol\/wp-json\/wp\/v2\/tags?post=501427"}],"curies":[{"name":"wp","href":"https:\/\/api.w.org\/{rel}","templated":true}]}}