{"id":501431,"date":"2017-09-24T16:14:41","date_gmt":"2017-09-24T21:14:41","guid":{"rendered":"https:\/\/www.futboltotal.com.mx\/?p=501431"},"modified":"2017-09-24T16:14:41","modified_gmt":"2017-09-24T21:14:41","slug":"alan-pulido-esta-cerca-regresar-a-las-canchas","status":"publish","type":"post","link":"http:\/\/desarrollo.grupomedios.com\/futbol\/uncategorized\/alan-pulido-esta-cerca-regresar-a-las-canchas\/2017\/09","title":{"rendered":"Alan Pulido est\u00e1 cerca de regresar a las canchas"},"content":{"rendered":"<p>En <strong>Chivas<\/strong> tienen buenas noticias, pues el equipo <strong>Campe\u00f3n del Clausrua 2017<\/strong> est\u00e1 cerca de ver el regreso de su mejor jugador del torneo anterior, el delantero <strong>Alan Pulido<\/strong>.<\/p>\n<p>Parece que su regreso ser\u00e1 antes de lo esperado luego de la fractura de h\u00famero del brazo derecho que sufri\u00f3 en un partido amistoso de la Selecci\u00f3n mexicana.<\/p>\n<p style=\"text-align: center;\"><span style=\"color: #3366ff;\"><a href=\"https:\/\/www.futboltotal.com.mx\/2017\/09\/gignac-triplica-precio-subasta-ayudar-a-damnificados\/\">VER M\u00c1S: Gignac triplica precio de subasta para ayudar a damnificados<\/a><\/span><\/p>\n<p>Se esperaba que los doctores dieran el alta a finales de septiembre, pero parece que<strong> Pulido<\/strong> ya ha estado entrenando y podr\u00e1 regresar con el <em>Reba\u00f1o Sagrado<\/em> antes de tiempo y Mat\u00edas Almeyda podr\u00eda apuntar al atacante en la lista de convocados para el partido ante <strong>Lobos BUAP<\/strong>.<\/p>\n<p><strong>Alan Pulido<\/strong> celebr\u00f3 este domingo la posibilidad de volver a jugar. En su cuenta oficial de Twitter, el atacante escribi\u00f3: \u201cEstamos a nada de mi regreso a las canchas\u201d. El mensaje lo acompa\u00f1\u00f3 con una fotograf\u00eda suya en pleno entrenamiento del Guadalajara.<\/p>\n<blockquote class=\"twitter-tweet\" data-data-dnt=\"true\">\n<p lang=\"es\" dir=\"ltr\">Estamos a nada de mi regreso a las canchas. \u26bd\ufe0f\ud83d\udd25\ud83d\udd1d<a href=\"https:\/\/twitter.com\/hashtag\/AP9?src=hash&amp;ref_src=twsrc%5Etfw\">#AP9<\/a> <a href=\"https:\/\/t.co\/SBRyWH9esM\">pic.twitter.com\/SBRyWH9esM<\/a><\/p>\n<p>&mdash; PULIDO 9\ufe0f\u20e3    #AP9 (@alanpulido) <a href=\"https:\/\/twitter.com\/alanpulido\/status\/911944884919119872?ref_src=twsrc%5Etfw\">September 24, 2017<\/a><\/p><\/blockquote>\n<p><script async src=\"https:\/\/platform.twitter.com\/widgets.js\" charset=\"utf-8\"><\/script><\/p>\n","protected":false},"excerpt":{"rendered":"<p>Pulido anunci\u00f3 en Twitter que est\u00e1 cerca de volver a las canchas.<\/p>\n","protected":false},"author":129,"featured_media":500285,"comment_status":"closed","ping_status":"closed","sticky":false,"template":"","format":"standard","meta":[],"categories":[1],"tags":[1607,70,64],"_links":{"self":[{"href":"http:\/\/desarrollo.grupomedios.com\/futbol\/wp-json\/wp\/v2\/posts\/501431"}],"collection":[{"href":"http:\/\/desarrollo.grupomedios.com\/futbol\/wp-json\/wp\/v2\/posts"}],"about":[{"href":"http:\/\/desarrollo.grupomedios.com\/futbol\/wp-json\/wp\/v2\/types\/post"}],"author":[{"embeddable":true,"href":"http:\/\/desarrollo.grupomedios.com\/futbol\/wp-json\/wp\/v2\/users\/129"}],"replies":[{"embeddable":true,"href":"http:\/\/desarrollo.grupomedios.com\/futbol\/wp-json\/wp\/v2\/comments?post=501431"}],"version-history":[{"count":1,"href":"http:\/\/desarrollo.grupomedios.com\/futbol\/wp-json\/wp\/v2\/posts\/501431\/revisions"}],"predecessor-version":[{"id":501435,"href":"http:\/\/desarrollo.grupomedios.com\/futbol\/wp-json\/wp\/v2\/posts\/501431\/revisions\/501435"}],"wp:featuredmedia":[{"embeddable":true,"href":"http:\/\/desarrollo.grupomedios.com\/futbol\/wp-json\/wp\/v2\/media\/500285"}],"wp:attachment":[{"href":"http:\/\/desarrollo.grupomedios.com\/futbol\/wp-json\/wp\/v2\/media?parent=501431"}],"wp:term":[{"taxonomy":"category","embeddable":true,"href":"http:\/\/desarrollo.grupomedios.com\/futbol\/wp-json\/wp\/v2\/categories?post=501431"},{"taxonomy":"post_tag","embeddable":true,"href":"http:\/\/desarrollo.grupomedios.com\/futbol\/wp-json\/wp\/v2\/tags?post=501431"}],"curies":[{"name":"wp","href":"https:\/\/api.w.org\/{rel}","templated":true}]}}