{"id":501439,"date":"2017-09-24T17:13:06","date_gmt":"2017-09-24T22:13:06","guid":{"rendered":"https:\/\/www.futboltotal.com.mx\/?p=501439"},"modified":"2017-09-24T17:13:06","modified_gmt":"2017-09-24T22:13:06","slug":"revelan-van-nistelrooy-dejo-manchester-culpa-cristiano","status":"publish","type":"post","link":"http:\/\/desarrollo.grupomedios.com\/futbol\/futbol-internacional\/revelan-van-nistelrooy-dejo-manchester-culpa-cristiano\/2017\/09","title":{"rendered":"Revelan que Van Nistelrooy dej\u00f3 Manchester por culpa de Cristiano"},"content":{"rendered":"<p>Hace unos d\u00edas, Alastair Campbell, public\u00f3 un libro donde se revelan algunos secretos de la pol\u00edtica y el deporte en Inglaterra. Entre ellos, aparece la verdadera raz\u00f3n por la que el holand\u00e9s<strong> Ruud van Nistelrooy<\/strong> sali\u00f3 del <strong>Manchester United<\/strong>.<\/p>\n<p>Seg\u00fan las versiones que cuenta el libro, <strong>Van Nistelrooy<\/strong> habr\u00eda insultado a <strong>Cristiano Ronaldo<\/strong> de una forma que no pudieron tolerar ni el portugu\u00e9s ni el t\u00e9cnico de aquel entonces, <strong>Sir Alex Ferguson<\/strong>, con quien seg\u00fan el holand\u00e9s tuvo problemas.<\/p>\n<p style=\"text-align: center;\"><span style=\"color: #3366ff;\"><a href=\"https:\/\/www.futboltotal.com.mx\/2017\/09\/cristiano-ronaldo-respondio-a-la-familia-del-nino-santiago\/\">VER M\u00c1S: \u00a1Cristiano Ronaldo respondi\u00f3 a la familia del ni\u00f1o Santiago!<\/a><\/span><\/p>\n<p>\u201c(Ruud) era dif\u00edcil de manejar\u201d, coment\u00f3 el autor, que en una conversaci\u00f3n con <strong>Ferguson<\/strong> se enter\u00f3 de lo sucedido:<strong> Cristiano y Ruud<\/strong> se enfrascaron en una discusi\u00f3n, que culmin\u00f3 con una falta de respeto considerable.<\/p>\n<p>\u201cFerguson no estaba seguro de lo que le ocurr\u00eda (a <strong>Van Nistelrooy<\/strong>). Le notaba muy egoc\u00e9ntrico. La gota que colm\u00f3 el vaso fue cuando le dijo a Cristiano Ronaldo que hab\u00eda encontrado un nuevo padre en Carlos Queiroz (auxiliar de DT en Manchester), justo despu\u00e9s de que muri\u00f3 el padre de Cristiano\u201d, explic\u00f3 en el libro que ha sido publicado en partes por el diario <em>The Times<\/em>.<\/p>\n<p>\u201cCarlos le pidi\u00f3 que mostrara m\u00e1s respeto y \u00e9l dijo que no respetaba a nadie ah\u00ed. M\u00e1s tarde pidi\u00f3 perd\u00f3n a Cristiano, pero \u00e9ste no acept\u00f3 las disculpas. Ferguson mand\u00f3 a casa al holand\u00e9s\u201d.<\/p>\n<p><strong>Alaistar Campbell<\/strong> fue el secretario de prensa del Primer Ministro ingl\u00e9s, Tony Blair, quien fungi\u00f3 en el cargo entre 1997 y 2007. Fue buen amigo de <strong>Sir Alex Ferguson<\/strong>, de ah\u00ed que se enterara de detalles de vestidor de los <em>Red Devils<\/em>.<\/p>\n","protected":false},"excerpt":{"rendered":"<p>El holand\u00e9s habr\u00eda ofendido al portugu\u00e9s.<\/p>\n","protected":false},"author":20,"featured_media":501440,"comment_status":"closed","ping_status":"closed","sticky":false,"template":"","format":"standard","meta":[],"categories":[3839],"tags":[6013,9411],"_links":{"self":[{"href":"http:\/\/desarrollo.grupomedios.com\/futbol\/wp-json\/wp\/v2\/posts\/501439"}],"collection":[{"href":"http:\/\/desarrollo.grupomedios.com\/futbol\/wp-json\/wp\/v2\/posts"}],"about":[{"href":"http:\/\/desarrollo.grupomedios.com\/futbol\/wp-json\/wp\/v2\/types\/post"}],"author":[{"embeddable":true,"href":"http:\/\/desarrollo.grupomedios.com\/futbol\/wp-json\/wp\/v2\/users\/20"}],"replies":[{"embeddable":true,"href":"http:\/\/desarrollo.grupomedios.com\/futbol\/wp-json\/wp\/v2\/comments?post=501439"}],"version-history":[{"count":1,"href":"http:\/\/desarrollo.grupomedios.com\/futbol\/wp-json\/wp\/v2\/posts\/501439\/revisions"}],"predecessor-version":[{"id":501441,"href":"http:\/\/desarrollo.grupomedios.com\/futbol\/wp-json\/wp\/v2\/posts\/501439\/revisions\/501441"}],"wp:featuredmedia":[{"embeddable":true,"href":"http:\/\/desarrollo.grupomedios.com\/futbol\/wp-json\/wp\/v2\/media\/501440"}],"wp:attachment":[{"href":"http:\/\/desarrollo.grupomedios.com\/futbol\/wp-json\/wp\/v2\/media?parent=501439"}],"wp:term":[{"taxonomy":"category","embeddable":true,"href":"http:\/\/desarrollo.grupomedios.com\/futbol\/wp-json\/wp\/v2\/categories?post=501439"},{"taxonomy":"post_tag","embeddable":true,"href":"http:\/\/desarrollo.grupomedios.com\/futbol\/wp-json\/wp\/v2\/tags?post=501439"}],"curies":[{"name":"wp","href":"https:\/\/api.w.org\/{rel}","templated":true}]}}