{"id":501451,"date":"2017-09-24T18:42:16","date_gmt":"2017-09-24T23:42:16","guid":{"rendered":"https:\/\/www.futboltotal.com.mx\/?p=501451"},"modified":"2017-09-24T18:42:16","modified_gmt":"2017-09-24T23:42:16","slug":"presidente-del-psg-quiso-chantajear-a-cavani","status":"publish","type":"post","link":"http:\/\/desarrollo.grupomedios.com\/futbol\/futbol-internacional\/presidente-del-psg-quiso-chantajear-a-cavani\/2017\/09","title":{"rendered":"Presidente del PSG quiso &#8216;chantajear&#8217; a Cavani"},"content":{"rendered":"<p>Parece que los problemas siguen en el<strong> PSG<\/strong> y los roces entre<strong> Edinson Cavani y Neymar<\/strong> dejaron con dudas a la gente dentro del club, incluido al Presidente del club, <strong>Al-Khela\u00effi<\/strong>.<\/p>\n<p>Y es que el due\u00f1o del equipo parisino vio c\u00f3mo <strong>Cavani<\/strong> rechaz\u00f3 una prima consolidada de un mill\u00f3n de euros que el presidente del club franc\u00e9s le ofreci\u00f3 para que renunciara a lanzar los penaltis en favor de cu compa\u00f1ero <strong>Neymar.<\/strong><\/p>\n<p style=\"text-align: center;\"><span style=\"color: #3366ff;\"><a href=\"https:\/\/www.futboltotal.com.mx\/2017\/09\/cristiano-ronaldo-respondio-a-la-familia-del-nino-santiago\/\">VER M\u00c1S: \u00a1Cristiano Ronaldo respondi\u00f3 a la familia del ni\u00f1o Santiago!<\/a><\/span><\/p>\n<p>Seg\u00fan el diario <em>El Pa\u00ed<\/em>s, <strong>Al-Khela\u00effi<\/strong> pretend\u00eda pacificar as\u00ed la armon\u00eda en el <strong>PSG,<\/strong> fracturada por la<span style=\"color: #3366ff;\"><a href=\"https:\/\/www.futboltotal.com.mx\/2017\/09\/asi-fue-la-discusion-neymar-cavani-en-triunfo-del-psg\/\" target=\"_blank\" rel=\"noopener\"> guerra de egos que han protagonizado Cavani y Neymar sobre el terreno de juego<\/a>.<\/span><\/p>\n<p>El delantero uruguayo no acept\u00f3 la propuesta del presidente del <strong>PSG<\/strong>, a quien le comunic\u00f3 que no le interesaba el dinero y que seguir\u00eda tirando los penaltis.<\/p>\n<p><em>El Pa\u00eds<\/em> asegura que los pesos pesados del equipo se han posicionado junto a <strong>Cavani<\/strong> en su enfrentamiento con <strong>Neymar<\/strong>.<\/p>\n","protected":false},"excerpt":{"rendered":"<p>El Presidente del PSG quiso favorecer a Neymar.<\/p>\n","protected":false},"author":20,"featured_media":423900,"comment_status":"closed","ping_status":"closed","sticky":false,"template":"","format":"standard","meta":[],"categories":[3839,9609],"tags":[2449,6214,6001,114],"_links":{"self":[{"href":"http:\/\/desarrollo.grupomedios.com\/futbol\/wp-json\/wp\/v2\/posts\/501451"}],"collection":[{"href":"http:\/\/desarrollo.grupomedios.com\/futbol\/wp-json\/wp\/v2\/posts"}],"about":[{"href":"http:\/\/desarrollo.grupomedios.com\/futbol\/wp-json\/wp\/v2\/types\/post"}],"author":[{"embeddable":true,"href":"http:\/\/desarrollo.grupomedios.com\/futbol\/wp-json\/wp\/v2\/users\/20"}],"replies":[{"embeddable":true,"href":"http:\/\/desarrollo.grupomedios.com\/futbol\/wp-json\/wp\/v2\/comments?post=501451"}],"version-history":[{"count":1,"href":"http:\/\/desarrollo.grupomedios.com\/futbol\/wp-json\/wp\/v2\/posts\/501451\/revisions"}],"predecessor-version":[{"id":501452,"href":"http:\/\/desarrollo.grupomedios.com\/futbol\/wp-json\/wp\/v2\/posts\/501451\/revisions\/501452"}],"wp:featuredmedia":[{"embeddable":true,"href":"http:\/\/desarrollo.grupomedios.com\/futbol\/wp-json\/wp\/v2\/media\/423900"}],"wp:attachment":[{"href":"http:\/\/desarrollo.grupomedios.com\/futbol\/wp-json\/wp\/v2\/media?parent=501451"}],"wp:term":[{"taxonomy":"category","embeddable":true,"href":"http:\/\/desarrollo.grupomedios.com\/futbol\/wp-json\/wp\/v2\/categories?post=501451"},{"taxonomy":"post_tag","embeddable":true,"href":"http:\/\/desarrollo.grupomedios.com\/futbol\/wp-json\/wp\/v2\/tags?post=501451"}],"curies":[{"name":"wp","href":"https:\/\/api.w.org\/{rel}","templated":true}]}}