{"id":501470,"date":"2017-09-25T10:00:16","date_gmt":"2017-09-25T15:00:16","guid":{"rendered":"https:\/\/www.futboltotal.com.mx\/?p=501470"},"modified":"2017-09-25T11:38:02","modified_gmt":"2017-09-25T16:38:02","slug":"padres-del-pequeno-santiago-agradecen-gesto-a-cristiano-ronaldo","status":"publish","type":"post","link":"http:\/\/desarrollo.grupomedios.com\/futbol\/destacado-home\/padres-del-pequeno-santiago-agradecen-gesto-a-cristiano-ronaldo\/2017\/09","title":{"rendered":"Padres del peque\u00f1o Santiago agradecen gesto a Cristiano Ronaldo"},"content":{"rendered":"<p>Una de las historias m\u00e1s emotivas tras el <strong>sismo<\/strong> ocurrido en <strong>M\u00e9xico<\/strong> el pasado 19 de septiembre es la del peque\u00f1o <strong>Santiago<\/strong>, un ni\u00f1o que perdi\u00f3 la vida durante esta tragedia y que <a href=\"https:\/\/www.futboltotal.com.mx\/2017\/09\/madre-perdio-a-hijo-en-sismo-envia-carta-a-cristiano-ronaldo\/\" target=\"_blank\" rel=\"noopener\"><span style=\"color: #333399;\">sus padres le comunicaron a <strong>Cristiano Ronaldo<\/strong> que \u00e9l fue su mayor \u00eddolo<\/span><\/a>, conmoviendo al portugu\u00e9s, que <a href=\"https:\/\/www.futboltotal.com.mx\/2017\/09\/cristiano-ronaldo-respondio-a-la-familia-del-nino-santiago\/\" target=\"_blank\" rel=\"noopener\"><span style=\"color: #333399;\">respondi\u00f3 con un mensaje especial para la familia<\/span><\/a>\u00a0y una playera dedicada a su &#8220;fan n\u00famero 1&#8221;.<\/p>\n<p>Ahora, la <strong>familia Flores Mora<\/strong> le ha respondido a <strong>Cristiano<\/strong> por medio de un mensaje lleno de agradecimiento y abriendo su coraz\u00f3n a\u00fan m\u00e1s por la p\u00e9rdida de su hijo, quien habr\u00eda cumplido 7 a\u00f1os de edad.<\/p>\n<p style=\"text-align: center;\"><a href=\"https:\/\/www.futboltotal.com.mx\/2017\/09\/piden-a-messi-mande-mensaje-a-sobreviviente-del-terremoto\/\" target=\"_blank\" rel=\"noopener\"><span style=\"color: #333399;\">VER M\u00c1S: Piden a Messi que mande mensaje a sobreviviente de terremoto<\/span><\/a><\/p>\n<p>El propio <strong>Fernando Flores Castillo<\/strong>, padre de Santiago, proporcion\u00f3 a la redacci\u00f3n de <strong>Futbol Total<\/strong> una captura de pantalla del mensaje con el que \u00e9l y su esposa agradecieron a Ronaldo y que enviaron al representante del futbolista: una imagen del ni\u00f1o vistiendo su playera favorita del Real Madrid acompa\u00f1ando al emotivo texto.<\/p>\n<blockquote><p>&#8220;Sr. Cristiano Ronaldo debo agradecer su gesto y confieso que me impact\u00f3 de manera indescriptible. Usted hizo posible cumplir un sue\u00f1o de unos padres que quedaron frustrados ante una p\u00e9rdida irreparable. El que es pap\u00e1 sabe que uno vive para los hijos y uno trabaja para intentar dar lo m\u00e1s que se puede, pero cuando se van, la frustraci\u00f3n se apodera de todo, por eso recurr\u00ed a usted para compartir s\u00f3lo un poquito de los excelentes casi 7 a\u00f1os de mi hijo, en el que deber\u00eda ser su sumplea\u00f1os 7 me qued\u00e9 sin hijo, es el peor momento de nuestra vida, usted aminora este dolor y no tengo palabras, s\u00f3lo le repito la idea de mi primera carta: gracias por ser una fuente de inspiraci\u00f3n para mi hijo, gracias por existir y que Dios lo bendiga.<\/p>\n<p>Atte. Familia Flores Mora&#8221;.<\/p><\/blockquote>\n<p><a href=\"https:\/\/www.futboltotal.com.mx\/wp-content\/uploads\/2017\/09\/Padres-Santiago-Carta-Cristiano-Ronaldo.jpg\"><img decoding=\"async\" loading=\"lazy\" class=\"aligncenter size-large wp-image-501471\" src=\"https:\/\/www.futboltotal.com.mx\/wp-content\/uploads\/2017\/09\/Padres-Santiago-Carta-Cristiano-Ronaldo-1024x576.jpg\" alt=\"Padres del peque\u00f1o Santiago agradecen gesto a Cristiano Ronaldo 0\" srcset=\"http:\/\/desarrollo.grupomedios.com\/futbol\/wp-content\/uploads\/2017\/09\/Padres-Santiago-Carta-Cristiano-Ronaldo-1024x576.jpg 1024w, http:\/\/desarrollo.grupomedios.com\/futbol\/wp-content\/uploads\/2017\/09\/Padres-Santiago-Carta-Cristiano-Ronaldo-300x169.jpg 300w, http:\/\/desarrollo.grupomedios.com\/futbol\/wp-content\/uploads\/2017\/09\/Padres-Santiago-Carta-Cristiano-Ronaldo-768x432.jpg 768w, http:\/\/desarrollo.grupomedios.com\/futbol\/wp-content\/uploads\/2017\/09\/Padres-Santiago-Carta-Cristiano-Ronaldo-393x221.jpg 393w, http:\/\/desarrollo.grupomedios.com\/futbol\/wp-content\/uploads\/2017\/09\/Padres-Santiago-Carta-Cristiano-Ronaldo.jpg 1136w\" sizes=\"(max-width: 1024px) 100vw, 1024px\" \/><\/a><\/p>\n<p>Asimismo, la familia Flores Castillo comparti\u00f3 un segundo mensaje dirigido a los medios de comunicaci\u00f3n y <a href=\"https:\/\/www.futboltotal.com.mx\/2017\/09\/hashtag-cr7mx-piden-a-cristiano-ronaldo-leer-carta\/\" target=\"_blank\" rel=\"noopener\"><span style=\"color: #333399;\">gente que desde redes sociales impuls\u00f3 su carta<\/span><\/a>, a quienes tambi\u00e9n agradecen por el impulso que se le dio al mensaje original, pero ahora piden que este tipo de espacios a los h\u00e9roes an\u00f3nimos que est\u00e1n reconstruyendo al pa\u00eds tras el sismo.<\/p>\n<blockquote><p>&#8220;A los medios de comunicaci\u00f3n y redes sociales les agradezco el apoyo, no pretendo lucrar con la imagen de mi hijo, ayudaron todos a difundir la noticia, ahora les pido por favor no malinterpretar mi postura, ya ayudaron mucho, creo que deben darle espacio a muchos h\u00e9roes an\u00f3nimos que est\u00e1n re-construyendo (sic) este hermoso pa\u00eds.<\/p>\n<p>Gracias a todos los que dieron me gusta y fueron sensibles para que conocieran nuestros deseos como padres.<\/p>\n<p>Nuestro pa\u00eds tiene muchos retos y nosotros nos sumaremos al apoyo, les pido a todos ayuden a m\u00e1s hermanos mexicanos.<\/p>\n<p>Atte: Familia Flores Mora.&#8221;<\/p><\/blockquote>\n<p><a href=\"https:\/\/www.futboltotal.com.mx\/wp-content\/uploads\/2017\/09\/Padres-Santiago-Carta-Cristiano-Ronaldo2.jpg\"><img decoding=\"async\" loading=\"lazy\" class=\"aligncenter size-large wp-image-501472\" src=\"https:\/\/www.futboltotal.com.mx\/wp-content\/uploads\/2017\/09\/Padres-Santiago-Carta-Cristiano-Ronaldo2-1024x576.jpg\" alt=\"Padres del peque\u00f1o Santiago agradecen gesto a Cristiano Ronaldo 1\" srcset=\"http:\/\/desarrollo.grupomedios.com\/futbol\/wp-content\/uploads\/2017\/09\/Padres-Santiago-Carta-Cristiano-Ronaldo2-1024x576.jpg 1024w, http:\/\/desarrollo.grupomedios.com\/futbol\/wp-content\/uploads\/2017\/09\/Padres-Santiago-Carta-Cristiano-Ronaldo2-300x169.jpg 300w, http:\/\/desarrollo.grupomedios.com\/futbol\/wp-content\/uploads\/2017\/09\/Padres-Santiago-Carta-Cristiano-Ronaldo2-768x432.jpg 768w, http:\/\/desarrollo.grupomedios.com\/futbol\/wp-content\/uploads\/2017\/09\/Padres-Santiago-Carta-Cristiano-Ronaldo2-393x221.jpg 393w, http:\/\/desarrollo.grupomedios.com\/futbol\/wp-content\/uploads\/2017\/09\/Padres-Santiago-Carta-Cristiano-Ronaldo2.jpg 1136w\" sizes=\"(max-width: 1024px) 100vw, 1024px\" \/><\/a><\/p>\n","protected":false},"excerpt":{"rendered":"<p>Enviaron al representante del portugu\u00e9s una emotiva carta de agradecimiento.<\/p>\n","protected":false},"author":20,"featured_media":501426,"comment_status":"closed","ping_status":"closed","sticky":false,"template":"","format":"standard","meta":[],"categories":[5419,5],"tags":[6013,10334,65,5988,10319,758,10126],"_links":{"self":[{"href":"http:\/\/desarrollo.grupomedios.com\/futbol\/wp-json\/wp\/v2\/posts\/501470"}],"collection":[{"href":"http:\/\/desarrollo.grupomedios.com\/futbol\/wp-json\/wp\/v2\/posts"}],"about":[{"href":"http:\/\/desarrollo.grupomedios.com\/futbol\/wp-json\/wp\/v2\/types\/post"}],"author":[{"embeddable":true,"href":"http:\/\/desarrollo.grupomedios.com\/futbol\/wp-json\/wp\/v2\/users\/20"}],"replies":[{"embeddable":true,"href":"http:\/\/desarrollo.grupomedios.com\/futbol\/wp-json\/wp\/v2\/comments?post=501470"}],"version-history":[{"count":4,"href":"http:\/\/desarrollo.grupomedios.com\/futbol\/wp-json\/wp\/v2\/posts\/501470\/revisions"}],"predecessor-version":[{"id":501476,"href":"http:\/\/desarrollo.grupomedios.com\/futbol\/wp-json\/wp\/v2\/posts\/501470\/revisions\/501476"}],"wp:featuredmedia":[{"embeddable":true,"href":"http:\/\/desarrollo.grupomedios.com\/futbol\/wp-json\/wp\/v2\/media\/501426"}],"wp:attachment":[{"href":"http:\/\/desarrollo.grupomedios.com\/futbol\/wp-json\/wp\/v2\/media?parent=501470"}],"wp:term":[{"taxonomy":"category","embeddable":true,"href":"http:\/\/desarrollo.grupomedios.com\/futbol\/wp-json\/wp\/v2\/categories?post=501470"},{"taxonomy":"post_tag","embeddable":true,"href":"http:\/\/desarrollo.grupomedios.com\/futbol\/wp-json\/wp\/v2\/tags?post=501470"}],"curies":[{"name":"wp","href":"https:\/\/api.w.org\/{rel}","templated":true}]}}