{"id":501511,"date":"2017-09-25T11:53:28","date_gmt":"2017-09-25T16:53:28","guid":{"rendered":"https:\/\/www.futboltotal.com.mx\/?p=501511"},"modified":"2017-09-25T11:53:28","modified_gmt":"2017-09-25T16:53:28","slug":"la-impresionante-cifra-lleva-la-subasta-la-playera-chicharito","status":"publish","type":"post","link":"http:\/\/desarrollo.grupomedios.com\/futbol\/futbol-mexicano\/la-impresionante-cifra-lleva-la-subasta-la-playera-chicharito\/2017\/09","title":{"rendered":"La impresionante cifra que lleva la subasta de la playera de Chicharito"},"content":{"rendered":"<p>Al igual que otros clubes donde participan los jugadores mexicanos, el<strong> West Ham<\/strong> se uni\u00f3 a <strong>Chicharito<\/strong> para ayudar a los damnificados en M\u00e9xico por el sismo del pasado 19 de septiembre.<\/p>\n<p>Los <em>Hammers<\/em> se unieron a la<span style=\"color: #3366ff;\"><a href=\"https:\/\/www.futboltotal.com.mx\/2017\/09\/chicharito-layun-lanzan-iniciativa-ayudar-a-mexico-tras-sismo\/\" target=\"_blank\" rel=\"noopener\"> causa de Chicharito y Miguel Lay\u00fan<\/a><\/span>, y anunciaron que las playeras que sus jugadores usaron ante el Tottenham ser\u00edan subastadas.<\/p>\n<p style=\"text-align: center;\"><span style=\"color: #3366ff;\"><a href=\"https:\/\/www.futboltotal.com.mx\/2017\/09\/cavani-gran-ausente-del-psg-en-fiesta-cumpleanos-thiago-silva\/\">VER M\u00c1S: Cavani, gran ausente del PSG en fiesta de cumplea\u00f1os de Thiago Silva<\/a><\/span><\/p>\n<blockquote class=\"twitter-tweet\" data-width=\"500\">\n<p lang=\"es\" dir=\"ltr\">Un gol para todo M\u00e9xico. <a href=\"https:\/\/twitter.com\/hashtag\/FuerzaMexico?src=hash\">#FuerzaMexico<\/a> <a href=\"https:\/\/t.co\/SCS5kyCtbk\">pic.twitter.com\/SCS5kyCtbk<\/a><\/p>\n<p>&mdash; WestHamEspa\u00f1ol (@WestHamEspanol) <a href=\"https:\/\/twitter.com\/WestHamEspanol\/status\/911589819968626688\">September 23, 2017<\/a><\/p><\/blockquote>\n<p><script async src=\"\/\/platform.twitter.com\/widgets.js\" charset=\"utf-8\"><\/script><\/p>\n<p>Dentro de ellas, la m\u00e1s destacada es la de <strong>Javier Hern\u00e1ndez<\/strong> y se ha convertido en todo un gran aporte, pues hasta estos d\u00edas el jersey ya alcanz\u00f3 cerca de ocho mil 996 libras, que aproximadamente son 216 mil pesos para ayudar a los mexicanos que m\u00e1s se necesita.<\/p>\n<p><img decoding=\"async\" src=\"https:\/\/soyreferee.com\/wp-content\/uploads\/2017\/09\/chicha.jpg\" \/><\/p>\n<blockquote class=\"twitter-tweet\" data-data-dnt=\"true\">\n<p lang=\"es\" dir=\"ltr\">\u00a1No se pueden imaginar el precio que alcanz\u00f3 en nuestra subasta la camiseta que <a href=\"https:\/\/twitter.com\/CH14_?ref_src=twsrc%5Etfw\">@CH14_<\/a> us\u00f3 contra el Tottenham \ud83d\ude31\ud83d\ude4f\ud83c\udffd! <a href=\"https:\/\/t.co\/6ds5avG7iO\">https:\/\/t.co\/6ds5avG7iO<\/a><\/p>\n<p>&mdash; West Ham Espa\u00f1ol \ud83c\uddea\ud83c\uddf8 (@WestHamEspanol) <a href=\"https:\/\/twitter.com\/WestHamEspanol\/status\/912070991890829313?ref_src=twsrc%5Etfw\">September 24, 2017<\/a><\/p><\/blockquote>\n<p><script async src=\"https:\/\/platform.twitter.com\/widgets.js\" charset=\"utf-8\"><\/script><\/p>\n<p>La subasta todav\u00eda continuar\u00e1n un par de d\u00edas y se dar\u00e1 a conocer qui\u00e9n ser\u00e1 el que pague por la camiseta de <strong>Chicharito<\/strong>, quien marc\u00f3 gol ante los <em>Spurs<\/em> el pasado fin de semana.<\/p>\n","protected":false},"excerpt":{"rendered":"<p>Los Hammers subastaron la playera de todo su equipo.<\/p>\n","protected":false},"author":20,"featured_media":495300,"comment_status":"closed","ping_status":"closed","sticky":false,"template":"","format":"standard","meta":[],"categories":[3839,2198],"tags":[120,6214,758,1743],"_links":{"self":[{"href":"http:\/\/desarrollo.grupomedios.com\/futbol\/wp-json\/wp\/v2\/posts\/501511"}],"collection":[{"href":"http:\/\/desarrollo.grupomedios.com\/futbol\/wp-json\/wp\/v2\/posts"}],"about":[{"href":"http:\/\/desarrollo.grupomedios.com\/futbol\/wp-json\/wp\/v2\/types\/post"}],"author":[{"embeddable":true,"href":"http:\/\/desarrollo.grupomedios.com\/futbol\/wp-json\/wp\/v2\/users\/20"}],"replies":[{"embeddable":true,"href":"http:\/\/desarrollo.grupomedios.com\/futbol\/wp-json\/wp\/v2\/comments?post=501511"}],"version-history":[{"count":1,"href":"http:\/\/desarrollo.grupomedios.com\/futbol\/wp-json\/wp\/v2\/posts\/501511\/revisions"}],"predecessor-version":[{"id":501512,"href":"http:\/\/desarrollo.grupomedios.com\/futbol\/wp-json\/wp\/v2\/posts\/501511\/revisions\/501512"}],"wp:featuredmedia":[{"embeddable":true,"href":"http:\/\/desarrollo.grupomedios.com\/futbol\/wp-json\/wp\/v2\/media\/495300"}],"wp:attachment":[{"href":"http:\/\/desarrollo.grupomedios.com\/futbol\/wp-json\/wp\/v2\/media?parent=501511"}],"wp:term":[{"taxonomy":"category","embeddable":true,"href":"http:\/\/desarrollo.grupomedios.com\/futbol\/wp-json\/wp\/v2\/categories?post=501511"},{"taxonomy":"post_tag","embeddable":true,"href":"http:\/\/desarrollo.grupomedios.com\/futbol\/wp-json\/wp\/v2\/tags?post=501511"}],"curies":[{"name":"wp","href":"https:\/\/api.w.org\/{rel}","templated":true}]}}