{"id":501542,"date":"2017-09-25T13:29:32","date_gmt":"2017-09-25T18:29:32","guid":{"rendered":"https:\/\/www.futboltotal.com.mx\/?p=501542"},"modified":"2017-09-25T13:29:32","modified_gmt":"2017-09-25T18:29:32","slug":"grupo-pachuca-da-a-conocer-aportacion-a-damnificados-tras-sismo","status":"publish","type":"post","link":"http:\/\/desarrollo.grupomedios.com\/futbol\/futbol-mexicano\/grupo-pachuca-da-a-conocer-aportacion-a-damnificados-tras-sismo\/2017\/09","title":{"rendered":"Grupo Pachuca da a conocer su aportaci\u00f3n a damnificados tras sismo"},"content":{"rendered":"<p>El futbol mexicano se sigue solidarizando con los afectados por el pasado sismo del 19 de septiembre y uno de los que inici\u00f3 ayudando desde aquel d\u00eda fueron los <strong>Tuzos<\/strong> y Le\u00f3n por medio de <strong>Grupo Pachuca<\/strong>.<\/p>\n<p>Ahora la empresa comandada por <strong>Jes\u00fas Mart\u00ednez<\/strong>, ha relevado las cantidades que lograron juntar para ayudar a los damnificados , siendo <strong>Pachuca<\/strong> y los <em>Esmeraldas<\/em> los clubes que m\u00e1s aportaron adem\u00e1s del equipos del Ascenso MX , los Mineros de Zacatecas.<\/p>\n<p>A trav\u00e9s de su cuenta de Twitter, <strong>Grupo Pachuca<\/strong> inform\u00f3 sobre sus aportaciones para ayudar a la gente tras el sismo.<\/p>\n<p style=\"text-align: center;\"><span style=\"color: #3366ff;\"><a href=\"https:\/\/www.futboltotal.com.mx\/2017\/09\/la-impresionante-cifra-lleva-la-subasta-la-playera-chicharito\/\">VER M\u00c1S: La impresionante cifra que lleva la subasta de la playera de Chicharito<\/a><\/span><\/p>\n<blockquote class=\"twitter-tweet\" data-width=\"500\">\n<p lang=\"pt\" dir=\"ltr\">Comunicado Grupo Pachuca: <a href=\"https:\/\/t.co\/etzLGKQDXK\">pic.twitter.com\/etzLGKQDXK<\/a><\/p>\n<p>&mdash; Club Pachuca (@Tuzos) <a href=\"https:\/\/twitter.com\/Tuzos\/status\/912371301880291328\">September 25, 2017<\/a><\/p><\/blockquote>\n<p><script async src=\"\/\/platform.twitter.com\/widgets.js\" charset=\"utf-8\"><\/script><\/p>\n","protected":false},"excerpt":{"rendered":"<p>El grupo de Jes\u00fas Mart\u00ednez tambi\u00e9n apoy\u00f3 a los damnificados.<\/p>\n","protected":false},"author":20,"featured_media":402163,"comment_status":"closed","ping_status":"closed","sticky":false,"template":"","format":"standard","meta":[],"categories":[2198,3845],"tags":[2116,64,758],"_links":{"self":[{"href":"http:\/\/desarrollo.grupomedios.com\/futbol\/wp-json\/wp\/v2\/posts\/501542"}],"collection":[{"href":"http:\/\/desarrollo.grupomedios.com\/futbol\/wp-json\/wp\/v2\/posts"}],"about":[{"href":"http:\/\/desarrollo.grupomedios.com\/futbol\/wp-json\/wp\/v2\/types\/post"}],"author":[{"embeddable":true,"href":"http:\/\/desarrollo.grupomedios.com\/futbol\/wp-json\/wp\/v2\/users\/20"}],"replies":[{"embeddable":true,"href":"http:\/\/desarrollo.grupomedios.com\/futbol\/wp-json\/wp\/v2\/comments?post=501542"}],"version-history":[{"count":1,"href":"http:\/\/desarrollo.grupomedios.com\/futbol\/wp-json\/wp\/v2\/posts\/501542\/revisions"}],"predecessor-version":[{"id":501547,"href":"http:\/\/desarrollo.grupomedios.com\/futbol\/wp-json\/wp\/v2\/posts\/501542\/revisions\/501547"}],"wp:featuredmedia":[{"embeddable":true,"href":"http:\/\/desarrollo.grupomedios.com\/futbol\/wp-json\/wp\/v2\/media\/402163"}],"wp:attachment":[{"href":"http:\/\/desarrollo.grupomedios.com\/futbol\/wp-json\/wp\/v2\/media?parent=501542"}],"wp:term":[{"taxonomy":"category","embeddable":true,"href":"http:\/\/desarrollo.grupomedios.com\/futbol\/wp-json\/wp\/v2\/categories?post=501542"},{"taxonomy":"post_tag","embeddable":true,"href":"http:\/\/desarrollo.grupomedios.com\/futbol\/wp-json\/wp\/v2\/tags?post=501542"}],"curies":[{"name":"wp","href":"https:\/\/api.w.org\/{rel}","templated":true}]}}