{"id":501563,"date":"2017-09-25T14:59:04","date_gmt":"2017-09-25T19:59:04","guid":{"rendered":"https:\/\/www.futboltotal.com.mx\/?p=501563"},"modified":"2017-09-25T14:59:04","modified_gmt":"2017-09-25T19:59:04","slug":"revelan-negociaciones-barcelona-coutinho-a-espaldas-liverpool","status":"publish","type":"post","link":"http:\/\/desarrollo.grupomedios.com\/futbol\/futbol-internacional\/revelan-negociaciones-barcelona-coutinho-a-espaldas-liverpool\/2017\/09","title":{"rendered":"Revelan negociaciones de Barcelona y Coutinho a &#8216;espaldas&#8217; de Liverpool"},"content":{"rendered":"<p><em>Football Leaks<\/em> volvi\u00f3 a aparecer y ahora ha revelado las negociaciones del <strong>Barcelona<\/strong> y <strong>Philippe Coutinho<\/strong> a espaldas del <strong>Liverpool<\/strong> durante el pasado mercado de fichajes.<\/p>\n<p>El diario <em>Der Spiegel<\/em>, revela que el club blaugrana mand\u00f3 un borrador del contrato del internacional brasile\u00f1o el \u00faltimo d\u00eda de mercado. Coutinho firmar\u00eda por las pr\u00f3ximas cinco temporadas con el<em> Bar\u00e7a<\/em> a raz\u00f3n de 115 millones de euros en total, m\u00e1s 10 mil de comisi\u00f3n para su agente si el traspaso no superaba los 100 millones.<\/p>\n<p style=\"text-align: center;\"><span style=\"color: #3366ff;\"><a href=\"https:\/\/www.futboltotal.com.mx\/2017\/09\/gullit-pena-eduardo-herrera-criticados-escocia-es-terrible\/\">VER M\u00c1S: Gullit Pe\u00f1a y Eduardo Herrera, criticados en Escocia: \u201cEs terrible\u201d<\/a><\/span><\/p>\n<p>Con este contrato, el mediocampista brasile\u00f1o se hubiese posicionado en la misma escala salarial que Piqu\u00e9, Luis Su\u00e1rez, Busquets o Iniesta.<\/p>\n<p>Adem\u00e1s, se han filtrado los correos entre el conjunto ingl\u00e9s y el Barcelona, en el que los reds ped\u00edan que dejasen de mostrar inter\u00e9s p\u00fablicamente por su jugador, adem\u00e1s de se\u00f1alar que <strong>Coutinho<\/strong> no estaba en venta bajo ninguna circunstancia.<\/p>\n<p>El <strong>Barcelona<\/strong>, lejos de rendirse, mand\u00f3 una nueva fuerta al equipo de Anfield por 90 millones de euros m\u00e1s 40 en variables, pero tambi\u00e9n obtuvo la negativa del <strong>Liverpool<\/strong>.<\/p>\n<p style=\"text-align: center;\"><span style=\"color: #3366ff;\"><a href=\"https:\/\/www.futboltotal.com.mx\/2017\/09\/la-impresionante-cifra-lleva-la-subasta-la-playera-chicharito\/\">VER M\u00c1S: La impresionante cifra que lleva la subasta de la playera de Chicharito<\/a><\/span><\/p>\n","protected":false},"excerpt":{"rendered":"<p>El club Blaugrana busc\u00f3 a toda costa al brasile\u00f1o.<\/p>\n","protected":false},"author":20,"featured_media":478130,"comment_status":"closed","ping_status":"closed","sticky":false,"template":"","format":"standard","meta":[],"categories":[3839,3844],"tags":[5984,6214,5989,2669],"_links":{"self":[{"href":"http:\/\/desarrollo.grupomedios.com\/futbol\/wp-json\/wp\/v2\/posts\/501563"}],"collection":[{"href":"http:\/\/desarrollo.grupomedios.com\/futbol\/wp-json\/wp\/v2\/posts"}],"about":[{"href":"http:\/\/desarrollo.grupomedios.com\/futbol\/wp-json\/wp\/v2\/types\/post"}],"author":[{"embeddable":true,"href":"http:\/\/desarrollo.grupomedios.com\/futbol\/wp-json\/wp\/v2\/users\/20"}],"replies":[{"embeddable":true,"href":"http:\/\/desarrollo.grupomedios.com\/futbol\/wp-json\/wp\/v2\/comments?post=501563"}],"version-history":[{"count":1,"href":"http:\/\/desarrollo.grupomedios.com\/futbol\/wp-json\/wp\/v2\/posts\/501563\/revisions"}],"predecessor-version":[{"id":501564,"href":"http:\/\/desarrollo.grupomedios.com\/futbol\/wp-json\/wp\/v2\/posts\/501563\/revisions\/501564"}],"wp:featuredmedia":[{"embeddable":true,"href":"http:\/\/desarrollo.grupomedios.com\/futbol\/wp-json\/wp\/v2\/media\/478130"}],"wp:attachment":[{"href":"http:\/\/desarrollo.grupomedios.com\/futbol\/wp-json\/wp\/v2\/media?parent=501563"}],"wp:term":[{"taxonomy":"category","embeddable":true,"href":"http:\/\/desarrollo.grupomedios.com\/futbol\/wp-json\/wp\/v2\/categories?post=501563"},{"taxonomy":"post_tag","embeddable":true,"href":"http:\/\/desarrollo.grupomedios.com\/futbol\/wp-json\/wp\/v2\/tags?post=501563"}],"curies":[{"name":"wp","href":"https:\/\/api.w.org\/{rel}","templated":true}]}}