{"id":501570,"date":"2017-09-25T16:21:31","date_gmt":"2017-09-25T21:21:31","guid":{"rendered":"https:\/\/www.futboltotal.com.mx\/?p=501570"},"modified":"2017-09-25T16:21:31","modified_gmt":"2017-09-25T21:21:31","slug":"cabanas-regresara-a-las-canchas-beneficio-chiapas","status":"publish","type":"post","link":"http:\/\/desarrollo.grupomedios.com\/futbol\/futbol-mexicano\/cabanas-regresara-a-las-canchas-beneficio-chiapas\/2017\/09","title":{"rendered":"Caba\u00f1as regresar\u00e1 a las canchas por beneficio de Chiapas"},"content":{"rendered":"<p><strong>Salvador Caba\u00f1as<\/strong> regresar\u00e1 a las canchas por beneficio de <strong>Chiapas<\/strong>, pues estar\u00e1 en un partido amistoso entre las estrellas de la Selecci\u00f3n Mexicana y las de Jaguares el pr\u00f3ximo 7 de octubre en el estadio Zoque.<\/p>\n<p>El partido ser\u00e1 para ayudar a los damnificados por el sismo del pasado 7 de septiembre y tendr\u00e1 como principal figura de los <strong>Jaguares<\/strong> al exdelantero paraguayo, quien desde hace unos a\u00f1os dej\u00f3 de jugar por el atentado que sufri\u00f3 en la Ciudad de M\u00e9xico.<\/p>\n<p style=\"text-align: center;\"><span style=\"color: #3366ff;\"><a href=\"https:\/\/www.futboltotal.com.mx\/2017\/09\/cavani-gran-ausente-del-psg-en-fiesta-cumpleanos-thiago-silva\/\">VER M\u00c1S: Cavani, gran ausente del PSG en fiesta de cumplea\u00f1os de Thiago Silva<\/a><\/span><\/p>\n<p>Adem\u00e1s de <strong>Caba\u00f1as<\/strong>, tambi\u00e9n estar\u00e1n Carlos Ochoa, Walter \u2018Lorito\u2019 Jim\u00e9nez, Sergio Alamaguer, Jos\u00e9 Damaceno Tiba, entre otros.<\/p>\n<p>Por parte de las figuras de la Selecci\u00f3n Mexicana estar\u00e1n Jorge Campos, Luis Hern\u00e1ndez, Sinha, Gabriel Caballero, y se espera la confirmaci\u00f3n de Zague.<\/p>\n<p>La taquilla ser\u00e1 donada a todas las personas que se vieron afectadas por el sismo que azot\u00f3 a <strong>Chiapas<\/strong> hace dos semanas y los precios de los boletos rondar\u00e1n entre los 50 y 100 pesos.<\/p>\n<p style=\"text-align: center;\"><span style=\"color: #3366ff;\"><a href=\"https:\/\/www.futboltotal.com.mx\/2017\/09\/la-impresionante-cifra-lleva-la-subasta-la-playera-chicharito\/\">VER M\u00c1S: La impresionante cifra que lleva la subasta de la playera de Chicharito<\/a><\/span><\/p>\n","protected":false},"excerpt":{"rendered":"<p>El paraguayo ser\u00e1 la prinicipal figura de Jaguares.<\/p>\n","protected":false},"author":20,"featured_media":437526,"comment_status":"closed","ping_status":"closed","sticky":false,"template":"","format":"standard","meta":[],"categories":[2198,3845],"tags":[5964,4303,951],"_links":{"self":[{"href":"http:\/\/desarrollo.grupomedios.com\/futbol\/wp-json\/wp\/v2\/posts\/501570"}],"collection":[{"href":"http:\/\/desarrollo.grupomedios.com\/futbol\/wp-json\/wp\/v2\/posts"}],"about":[{"href":"http:\/\/desarrollo.grupomedios.com\/futbol\/wp-json\/wp\/v2\/types\/post"}],"author":[{"embeddable":true,"href":"http:\/\/desarrollo.grupomedios.com\/futbol\/wp-json\/wp\/v2\/users\/20"}],"replies":[{"embeddable":true,"href":"http:\/\/desarrollo.grupomedios.com\/futbol\/wp-json\/wp\/v2\/comments?post=501570"}],"version-history":[{"count":1,"href":"http:\/\/desarrollo.grupomedios.com\/futbol\/wp-json\/wp\/v2\/posts\/501570\/revisions"}],"predecessor-version":[{"id":501571,"href":"http:\/\/desarrollo.grupomedios.com\/futbol\/wp-json\/wp\/v2\/posts\/501570\/revisions\/501571"}],"wp:featuredmedia":[{"embeddable":true,"href":"http:\/\/desarrollo.grupomedios.com\/futbol\/wp-json\/wp\/v2\/media\/437526"}],"wp:attachment":[{"href":"http:\/\/desarrollo.grupomedios.com\/futbol\/wp-json\/wp\/v2\/media?parent=501570"}],"wp:term":[{"taxonomy":"category","embeddable":true,"href":"http:\/\/desarrollo.grupomedios.com\/futbol\/wp-json\/wp\/v2\/categories?post=501570"},{"taxonomy":"post_tag","embeddable":true,"href":"http:\/\/desarrollo.grupomedios.com\/futbol\/wp-json\/wp\/v2\/tags?post=501570"}],"curies":[{"name":"wp","href":"https:\/\/api.w.org\/{rel}","templated":true}]}}