{"id":501586,"date":"2017-09-25T18:07:22","date_gmt":"2017-09-25T23:07:22","guid":{"rendered":"https:\/\/www.futboltotal.com.mx\/?p=501586"},"modified":"2017-09-25T18:07:22","modified_gmt":"2017-09-25T23:07:22","slug":"motivo-salcedo-podria-expulsado-del-eintracht","status":"publish","type":"post","link":"http:\/\/desarrollo.grupomedios.com\/futbol\/destacado-home\/motivo-salcedo-podria-expulsado-del-eintracht\/2017\/09","title":{"rendered":"El motivo por el que Salcedo podr\u00eda ser expulsado del Eintracht"},"content":{"rendered":"<p>El futuro de <strong>Carlos Salcedo<\/strong> peligra en el <strong>Eintracht Frankfurt<\/strong>, pues el defensa mexicano ha sido separado del club luego de una fuerte discusi\u00f3n con el entrenador croata, <strong>Niko Kovac<\/strong>.<\/p>\n<p><strong>Salcedo<\/strong> hab\u00eda jugado desde su debut, pero fue durante la Jornada 4 de la <strong>Bundesliga<\/strong> cuando se origin\u00f3 el problema, pues Kovac decidi\u00f3 sacar al mexicano en el medio tiempo y al defensa no le cay\u00f3 bien la decisi\u00f3n, por lo que discuti\u00f3 con el entrenador grit\u00e1ndole enfrente de todos sus compa\u00f1eros.<\/p>\n<p style=\"text-align: center;\"><span style=\"color: #3366ff;\"><a href=\"https:\/\/www.futboltotal.com.mx\/2017\/09\/cavani-gran-ausente-del-psg-en-fiesta-cumpleanos-thiago-silva\/\">VER M\u00c1S: Cavani, gran ausente del PSG en fiesta de cumplea\u00f1os de Thiago Silva<\/a><\/span><\/p>\n<p>Todo indicaba que s\u00f3lo hab\u00eda sido una calentura en el juego, pero <strong>Salcedo<\/strong> no sali\u00f3 ni a la banca en la siguiente jornada contra el <strong>Colonia<\/strong>.<\/p>\n<p>Ahora s\u00f3lo resta esperar si este castigo de <strong>Kovac<\/strong> es temporal o definitivo. Seg\u00fan fuentes, el croata lo acusa de &#8220;preocuparse m\u00e1s por \u00e9l mismo que por el equipo&#8221;. Si lo sacan, ser\u00eda el segundo fracaso del mexicano en Europa.<\/p>\n","protected":false},"excerpt":{"rendered":"<p>El mexicano habr\u00eda discutido con Niko Kovac.<\/p>\n","protected":false},"author":20,"featured_media":498130,"comment_status":"closed","ping_status":"closed","sticky":false,"template":"","format":"standard","meta":[],"categories":[5,3839,6718],"tags":[5531,3588,6214],"_links":{"self":[{"href":"http:\/\/desarrollo.grupomedios.com\/futbol\/wp-json\/wp\/v2\/posts\/501586"}],"collection":[{"href":"http:\/\/desarrollo.grupomedios.com\/futbol\/wp-json\/wp\/v2\/posts"}],"about":[{"href":"http:\/\/desarrollo.grupomedios.com\/futbol\/wp-json\/wp\/v2\/types\/post"}],"author":[{"embeddable":true,"href":"http:\/\/desarrollo.grupomedios.com\/futbol\/wp-json\/wp\/v2\/users\/20"}],"replies":[{"embeddable":true,"href":"http:\/\/desarrollo.grupomedios.com\/futbol\/wp-json\/wp\/v2\/comments?post=501586"}],"version-history":[{"count":1,"href":"http:\/\/desarrollo.grupomedios.com\/futbol\/wp-json\/wp\/v2\/posts\/501586\/revisions"}],"predecessor-version":[{"id":501590,"href":"http:\/\/desarrollo.grupomedios.com\/futbol\/wp-json\/wp\/v2\/posts\/501586\/revisions\/501590"}],"wp:featuredmedia":[{"embeddable":true,"href":"http:\/\/desarrollo.grupomedios.com\/futbol\/wp-json\/wp\/v2\/media\/498130"}],"wp:attachment":[{"href":"http:\/\/desarrollo.grupomedios.com\/futbol\/wp-json\/wp\/v2\/media?parent=501586"}],"wp:term":[{"taxonomy":"category","embeddable":true,"href":"http:\/\/desarrollo.grupomedios.com\/futbol\/wp-json\/wp\/v2\/categories?post=501586"},{"taxonomy":"post_tag","embeddable":true,"href":"http:\/\/desarrollo.grupomedios.com\/futbol\/wp-json\/wp\/v2\/tags?post=501586"}],"curies":[{"name":"wp","href":"https:\/\/api.w.org\/{rel}","templated":true}]}}