{"id":501597,"date":"2017-09-25T18:56:30","date_gmt":"2017-09-25T23:56:30","guid":{"rendered":"https:\/\/www.futboltotal.com.mx\/?p=501597"},"modified":"2017-09-25T18:56:30","modified_gmt":"2017-09-25T23:56:30","slug":"keisuke-honda-se-solidariza-mexico-dona-medio-millon-pesos","status":"publish","type":"post","link":"http:\/\/desarrollo.grupomedios.com\/futbol\/futbol-mexicano\/keisuke-honda-se-solidariza-mexico-dona-medio-millon-pesos\/2017\/09","title":{"rendered":"Keisuke Honda se solidariza con M\u00e9xico y dona medio mill\u00f3n de pesos"},"content":{"rendered":"<p>El delantero japon\u00e9s del <strong>Pachuca<\/strong>, <strong>Keisuke Honda<\/strong>, se ha solidarizado con M\u00e9xico y anunci\u00f3 este lunes su donaci\u00f3n para ayudar a las v\u00edctimas del <strong>terremoto del pasado martes 19 de septiembre<\/strong>.<\/p>\n<p>Fue a trav\u00e9s de su cuenta de Twitter donde el japon\u00e9s hizo el anunci\u00f3 de la aportaci\u00f3n monetaria que hizo a la<strong> Cruz Roja de M\u00e9xico.<\/strong><\/p>\n<p style=\"text-align: center;\"><span style=\"color: #3366ff;\"><a href=\"https:\/\/www.futboltotal.com.mx\/2017\/09\/motivo-salcedo-podria-expulsado-del-eintracht\/\">VER M\u00c1S: El motivo por el que Salcedo podr\u00eda ser expulsado del Eintracht<\/a><\/span><\/p>\n<p>\u201cHe donado 500 mil pesos a la Cruz Roja mexicana. S\u00e9 que el dolor es irreparable, pero desde mi lugar quer\u00eda ayudar de alguna manera. @Tuzos\u201d.<\/p>\n<p><strong>Honda<\/strong> se une a un grupo de futbolistas en M\u00e9xico que han contribuido a apoyar a los damnificados del desastre natural que se present\u00f3 la semana pasada en nuestro pa\u00eds, como ya tambi\u00e9n lo hizo el franc\u00e9s de Tigres, Andr\u00e9-Pierre Gignac<\/p>\n<p style=\"text-align: center;\"><span style=\"color: #3366ff;\"><a href=\"https:\/\/www.futboltotal.com.mx\/2017\/09\/cavani-gran-ausente-del-psg-en-fiesta-cumpleanos-thiago-silva\/\">VER M\u00c1S: Cavani, gran ausente del PSG en fiesta de cumplea\u00f1os de Thiago Silva<\/a><\/span><\/p>\n<blockquote class=\"twitter-tweet\" data-width=\"500\">\n<p lang=\"es\" dir=\"ltr\">He donado 500 mil pesos a la Cruz Roja mexicana. S\u00e9 que el dolor es irreparable, pero desde mi lugar quer\u00eda ayudar de alguna manera.<a href=\"https:\/\/twitter.com\/Tuzos\">@Tuzos<\/a><\/p>\n<p>&mdash; KeisukeHonda(\u672c\u7530\u572d\u4f51) (@kskgroup2017) <a href=\"https:\/\/twitter.com\/kskgroup2017\/status\/912446960224821249\">September 25, 2017<\/a><\/p><\/blockquote>\n<p><script async src=\"\/\/platform.twitter.com\/widgets.js\" charset=\"utf-8\"><\/script><\/p>\n","protected":false},"excerpt":{"rendered":"<p>El japon\u00e9s tambi\u00e9n mostr\u00f3 su apoyo a M\u00e9xico.<\/p>\n","protected":false},"author":20,"featured_media":495706,"comment_status":"closed","ping_status":"closed","sticky":false,"template":"","format":"standard","meta":[],"categories":[2198,3845],"tags":[9489,64,5968,758],"_links":{"self":[{"href":"http:\/\/desarrollo.grupomedios.com\/futbol\/wp-json\/wp\/v2\/posts\/501597"}],"collection":[{"href":"http:\/\/desarrollo.grupomedios.com\/futbol\/wp-json\/wp\/v2\/posts"}],"about":[{"href":"http:\/\/desarrollo.grupomedios.com\/futbol\/wp-json\/wp\/v2\/types\/post"}],"author":[{"embeddable":true,"href":"http:\/\/desarrollo.grupomedios.com\/futbol\/wp-json\/wp\/v2\/users\/20"}],"replies":[{"embeddable":true,"href":"http:\/\/desarrollo.grupomedios.com\/futbol\/wp-json\/wp\/v2\/comments?post=501597"}],"version-history":[{"count":1,"href":"http:\/\/desarrollo.grupomedios.com\/futbol\/wp-json\/wp\/v2\/posts\/501597\/revisions"}],"predecessor-version":[{"id":501598,"href":"http:\/\/desarrollo.grupomedios.com\/futbol\/wp-json\/wp\/v2\/posts\/501597\/revisions\/501598"}],"wp:featuredmedia":[{"embeddable":true,"href":"http:\/\/desarrollo.grupomedios.com\/futbol\/wp-json\/wp\/v2\/media\/495706"}],"wp:attachment":[{"href":"http:\/\/desarrollo.grupomedios.com\/futbol\/wp-json\/wp\/v2\/media?parent=501597"}],"wp:term":[{"taxonomy":"category","embeddable":true,"href":"http:\/\/desarrollo.grupomedios.com\/futbol\/wp-json\/wp\/v2\/categories?post=501597"},{"taxonomy":"post_tag","embeddable":true,"href":"http:\/\/desarrollo.grupomedios.com\/futbol\/wp-json\/wp\/v2\/tags?post=501597"}],"curies":[{"name":"wp","href":"https:\/\/api.w.org\/{rel}","templated":true}]}}