{"id":501611,"date":"2017-09-25T20:18:09","date_gmt":"2017-09-26T01:18:09","guid":{"rendered":"https:\/\/www.futboltotal.com.mx\/?p=501611"},"modified":"2017-09-25T20:18:09","modified_gmt":"2017-09-26T01:18:09","slug":"liga-mx-lo-oficial-habra-partidos-jornada-12-en-cdmx","status":"publish","type":"post","link":"http:\/\/desarrollo.grupomedios.com\/futbol\/destacado-home\/liga-mx-lo-oficial-habra-partidos-jornada-12-en-cdmx\/2017\/09","title":{"rendered":"Liga MX lo hace oficial, no habr\u00e1 partidos de Jornada 12 en CDMX"},"content":{"rendered":"<p>La <strong>Liga MX<\/strong> ha hecho oficial que el pr\u00f3ximo fin de semana no habr\u00e1 partidos de la<strong> Jornada 12 del Apertura 2017<\/strong> en la Ciudad de M\u00e9xico.<\/p>\n<p>A trav\u00e9s de un comunicado, se inform\u00f3 que las autoridades de la <strong>CDMX<\/strong> no permitieron la realizaci\u00f3n de partidos por la situaci\u00f3n que vive la capital del pa\u00eds, por lo que los partidos <strong>Am\u00e9rica vs. Toluca<\/strong> y <strong>Pumas vs. Cruz Azul<\/strong> sufrieron modificaciones:<\/p>\n<p style=\"text-align: center;\"><span style=\"color: #3366ff;\"><a href=\"https:\/\/www.futboltotal.com.mx\/2017\/09\/cavani-gran-ausente-del-psg-en-fiesta-cumpleanos-thiago-silva\/\">VER M\u00c1S: Cavani, gran ausente del PSG en fiesta de cumplea\u00f1os de Thiago Silva<\/a><\/span><\/p>\n<blockquote><p>&#8220;El s\u00e1bado 30 de septiembre a las 21 hrs. el <strong>Deportivo Toluca<\/strong> recibir\u00e1 en el<strong> Estadio Nemesio Diez<\/strong> a las <em>\u00c1guilas<\/em> del<strong> Am\u00e9rica<\/strong>, por lo que en el pr\u00f3ximo <strong>Torneo Clausura 2018<\/strong> cuando estos dos clubes se enfrenten, <strong>Am\u00e9rica<\/strong> ser\u00e1 local en la cancha del Estadio Azteca; mientras que, el partido <strong>Pumas vs. Cruz Azul<\/strong> se jugar\u00e1 en el <strong>Estadio La Corregidora<\/strong> de Quer\u00e9taro el domingo 1 de octubre a las 12 hrs.<\/p>\n<p>La<strong> LIGA Bancomer MX<\/strong> agradece el apoyo y disposici\u00f3n de las cuatro directivas encabezadas por <strong>Yon de Luisa<\/strong> del <strong>Club Am\u00e9rica<\/strong>, <strong>Francisco Suinaga<\/strong> del <strong>Deportivo Toluca<\/strong>, <strong>Rodrigo Ares de Parga<\/strong> del <strong>Club Universidad<\/strong> y <strong>Guillermo \u00c1lvarez<\/strong> del <strong>Club Cruz Azul<\/strong> para realizar los ajustes en la programaci\u00f3n&#8221;, se lee en el comunicado.<\/p><\/blockquote>\n<p>A continuaci\u00f3n se enlistan los partidos que completan la <strong>Jornada 12<\/strong>:<\/p>\n<p><img decoding=\"async\" src=\"http:\/\/lmxwebsite.s3.amazonaws.com\/img\/repository\/news\/Relacion1jpg_2017925195844.jpg\" \/><\/p>\n","protected":false},"excerpt":{"rendered":"<p>Am\u00e9rica visitar\u00e1 a Toluca y Pumas vs Cruz Azul ser\u00e1 en otro estado.<\/p>\n","protected":false},"author":20,"featured_media":492589,"comment_status":"closed","ping_status":"closed","sticky":false,"template":"","format":"standard","meta":[],"categories":[5,2198,3845],"tags":[7268,8357,3329,64,10347],"_links":{"self":[{"href":"http:\/\/desarrollo.grupomedios.com\/futbol\/wp-json\/wp\/v2\/posts\/501611"}],"collection":[{"href":"http:\/\/desarrollo.grupomedios.com\/futbol\/wp-json\/wp\/v2\/posts"}],"about":[{"href":"http:\/\/desarrollo.grupomedios.com\/futbol\/wp-json\/wp\/v2\/types\/post"}],"author":[{"embeddable":true,"href":"http:\/\/desarrollo.grupomedios.com\/futbol\/wp-json\/wp\/v2\/users\/20"}],"replies":[{"embeddable":true,"href":"http:\/\/desarrollo.grupomedios.com\/futbol\/wp-json\/wp\/v2\/comments?post=501611"}],"version-history":[{"count":1,"href":"http:\/\/desarrollo.grupomedios.com\/futbol\/wp-json\/wp\/v2\/posts\/501611\/revisions"}],"predecessor-version":[{"id":501612,"href":"http:\/\/desarrollo.grupomedios.com\/futbol\/wp-json\/wp\/v2\/posts\/501611\/revisions\/501612"}],"wp:featuredmedia":[{"embeddable":true,"href":"http:\/\/desarrollo.grupomedios.com\/futbol\/wp-json\/wp\/v2\/media\/492589"}],"wp:attachment":[{"href":"http:\/\/desarrollo.grupomedios.com\/futbol\/wp-json\/wp\/v2\/media?parent=501611"}],"wp:term":[{"taxonomy":"category","embeddable":true,"href":"http:\/\/desarrollo.grupomedios.com\/futbol\/wp-json\/wp\/v2\/categories?post=501611"},{"taxonomy":"post_tag","embeddable":true,"href":"http:\/\/desarrollo.grupomedios.com\/futbol\/wp-json\/wp\/v2\/tags?post=501611"}],"curies":[{"name":"wp","href":"https:\/\/api.w.org\/{rel}","templated":true}]}}