{"id":501613,"date":"2017-09-26T11:02:46","date_gmt":"2017-09-26T16:02:46","guid":{"rendered":"https:\/\/www.futboltotal.com.mx\/?p=501613"},"modified":"2017-09-26T11:19:24","modified_gmt":"2017-09-26T16:19:24","slug":"cara-a-cara-xolos-vs-tigres-miller-bolanos-vs-enner-valencia","status":"publish","type":"post","link":"http:\/\/desarrollo.grupomedios.com\/futbol\/destacado-home\/cara-a-cara-xolos-vs-tigres-miller-bolanos-vs-enner-valencia\/2017\/09","title":{"rendered":"Cara a cara: Xolos vs. Tigres, Miller Bola\u00f1os vs. Enner Valencia"},"content":{"rendered":"<p>Dos ecuatorianos podr\u00edan robarse la Liga MX. <strong>Enner Valencia<\/strong> ha probado ya su gran calidad con los Tuzos, y ahora con los Tigres tuvo un inicio vibrante que ahora lo tiene en los primeros lugares de la tabla de goleo.<\/p>\n<p><strong>Miller Bola\u00f1os<\/strong> arrib\u00f3 a tierra azteca para disputar su primer torneo en M\u00e9xico, y lo har\u00e1 con los <em>Xolos<\/em> de <strong>Tijuana<\/strong>.<\/p>\n<p style=\"text-align: center;\"><span style=\"color: #333399;\"><a href=\"https:\/\/www.futboltotal.com.mx\/2017\/09\/liga-mx-lo-oficial-habra-partidos-jornada-12-en-cdmx\/\">VER M\u00c1S:\u00a0<span class=\"item-title\">Liga MX lo hace oficial, no habr\u00e1 partidos de Jornada 12 en CDMX<\/span><\/a><\/span><\/p>\n<p>Su debut en la <strong>Liga MX<\/strong> fue de alto nivel, despu\u00e9s de que el 15 de septiembre, los Xolos igualaran a un gol con la anotaci\u00f3n de Bola\u00f1os frente a las \u00c1guilas del Am\u00e9rica.<\/p>\n<p>Ambos futbolistas han vestido la playera de la selecci\u00f3n de Ecuador, y a sus 27 a\u00f1os, los dos han vivido carreras diferentes en el futbol. Uno ha visitado el futbol europeo y el otro ha sido \u00eddolo en Sudam\u00e9rica. <strong>\u00bfQuieres saber m\u00e1s?<\/strong><\/p>\n<p><script type=\"text\/javascript\" src=\"\/\/cdn.playbuzz.com\/widget\/feed.js\"><\/script><\/p>\n<div class=\"pb_feed\" data-embed-by=\"d43f3879-83ed-40bc-99d7-fde80605466f\" data-item=\"868450e7-196e-4089-8d90-f9ea920f15f4\" data-version=\"2\"><\/div>\n","protected":false},"excerpt":{"rendered":"<p>Dos ecuatorianos que revolucionan la Liga MX.<\/p>\n","protected":false},"author":20,"featured_media":501614,"comment_status":"closed","ping_status":"closed","sticky":false,"template":"","format":"standard","meta":[],"categories":[5,2198,3845],"tags":[2958,6108,6568],"_links":{"self":[{"href":"http:\/\/desarrollo.grupomedios.com\/futbol\/wp-json\/wp\/v2\/posts\/501613"}],"collection":[{"href":"http:\/\/desarrollo.grupomedios.com\/futbol\/wp-json\/wp\/v2\/posts"}],"about":[{"href":"http:\/\/desarrollo.grupomedios.com\/futbol\/wp-json\/wp\/v2\/types\/post"}],"author":[{"embeddable":true,"href":"http:\/\/desarrollo.grupomedios.com\/futbol\/wp-json\/wp\/v2\/users\/20"}],"replies":[{"embeddable":true,"href":"http:\/\/desarrollo.grupomedios.com\/futbol\/wp-json\/wp\/v2\/comments?post=501613"}],"version-history":[{"count":3,"href":"http:\/\/desarrollo.grupomedios.com\/futbol\/wp-json\/wp\/v2\/posts\/501613\/revisions"}],"predecessor-version":[{"id":501649,"href":"http:\/\/desarrollo.grupomedios.com\/futbol\/wp-json\/wp\/v2\/posts\/501613\/revisions\/501649"}],"wp:featuredmedia":[{"embeddable":true,"href":"http:\/\/desarrollo.grupomedios.com\/futbol\/wp-json\/wp\/v2\/media\/501614"}],"wp:attachment":[{"href":"http:\/\/desarrollo.grupomedios.com\/futbol\/wp-json\/wp\/v2\/media?parent=501613"}],"wp:term":[{"taxonomy":"category","embeddable":true,"href":"http:\/\/desarrollo.grupomedios.com\/futbol\/wp-json\/wp\/v2\/categories?post=501613"},{"taxonomy":"post_tag","embeddable":true,"href":"http:\/\/desarrollo.grupomedios.com\/futbol\/wp-json\/wp\/v2\/tags?post=501613"}],"curies":[{"name":"wp","href":"https:\/\/api.w.org\/{rel}","templated":true}]}}