{"id":501628,"date":"2017-09-26T10:02:25","date_gmt":"2017-09-26T15:02:25","guid":{"rendered":"https:\/\/www.futboltotal.com.mx\/?p=501628"},"modified":"2017-09-26T10:02:25","modified_gmt":"2017-09-26T15:02:25","slug":"mesut-ozil-quiere-jugar-en-este-club-la-premier-league","status":"publish","type":"post","link":"http:\/\/desarrollo.grupomedios.com\/futbol\/futbol-internacional\/mesut-ozil-quiere-jugar-en-este-club-la-premier-league\/2017\/09","title":{"rendered":"Mesut \u00d6zil quiere jugar en este club de la Premier League"},"content":{"rendered":"<p>El jugador alem\u00e1n,\u00a0<strong>Mesut \u00d6zil,\u00a0<\/strong>actualmente milita con el <strong>Arsenal<\/strong>, sin embargo, su contrato finaliza en junio de 2018 y n0 tiene planeado renovar con los Gunners.<\/p>\n<p>A pesar que Arsenal ya estar\u00eda planeando un contrato para el mediocampista, este no pensar\u00eda en aceptarla, ya que no ha logrado los objetivos que esperaba con el conjunto ingl\u00e9s.<\/p>\n<p style=\"text-align: center;\"><span style=\"color: #333399;\"><a href=\"https:\/\/www.futboltotal.com.mx\/2017\/09\/bayern-munich-declino-estos-6-fichajes-dinero\/\" target=\"_blank\" rel=\"noopener\">VER M\u00c1S: Bayern Munich declin\u00f3 estos 6 fichajes por dinero<\/a><\/span><\/p>\n<p>De acuerdo al <em>Diario AS<\/em>, \u00d6zil estar\u00eda pensando seriamente en llegar al <strong>Manchester United<\/strong>; &#8220;el objetivo de \u00d6zil es unirse al proyecto de Mourinho en el Manchester United, sino es en el mercado invernal, se completar\u00e1 el pr\u00f3ximo verano&#8221;, indica la publicaci\u00f3n.<\/p>\n<p>El estratega portugu\u00e9s del Manchester United no ver\u00eda con malos ojos la llegada del alem\u00e1n al conjunto de los Red Devils, pues lo tuvo en el <strong>Real Madrid<\/strong> en su paso por el club merengue.<\/p>\n<p style=\"text-align: center;\"><span style=\"color: #333399;\"><a href=\"https:\/\/www.futboltotal.com.mx\/2017\/09\/motivo-salcedo-podria-expulsado-del-eintracht\/\" target=\"_blank\" rel=\"noopener\">VER M\u00c1S: Carlos Salcedo podr\u00eda ser expulsado del Eintracht Frankfurt<\/a><\/span><\/p>\n<p>&nbsp;<\/p>\n","protected":false},"excerpt":{"rendered":"<p>El alem\u00e1n ya no quiere ser un Gunner para junio de 2018<\/p>\n","protected":false},"author":20,"featured_media":465430,"comment_status":"closed","ping_status":"closed","sticky":false,"template":"","format":"standard","meta":[],"categories":[7740,3839],"tags":[6044,288,43,465,334],"_links":{"self":[{"href":"http:\/\/desarrollo.grupomedios.com\/futbol\/wp-json\/wp\/v2\/posts\/501628"}],"collection":[{"href":"http:\/\/desarrollo.grupomedios.com\/futbol\/wp-json\/wp\/v2\/posts"}],"about":[{"href":"http:\/\/desarrollo.grupomedios.com\/futbol\/wp-json\/wp\/v2\/types\/post"}],"author":[{"embeddable":true,"href":"http:\/\/desarrollo.grupomedios.com\/futbol\/wp-json\/wp\/v2\/users\/20"}],"replies":[{"embeddable":true,"href":"http:\/\/desarrollo.grupomedios.com\/futbol\/wp-json\/wp\/v2\/comments?post=501628"}],"version-history":[{"count":1,"href":"http:\/\/desarrollo.grupomedios.com\/futbol\/wp-json\/wp\/v2\/posts\/501628\/revisions"}],"predecessor-version":[{"id":501633,"href":"http:\/\/desarrollo.grupomedios.com\/futbol\/wp-json\/wp\/v2\/posts\/501628\/revisions\/501633"}],"wp:featuredmedia":[{"embeddable":true,"href":"http:\/\/desarrollo.grupomedios.com\/futbol\/wp-json\/wp\/v2\/media\/465430"}],"wp:attachment":[{"href":"http:\/\/desarrollo.grupomedios.com\/futbol\/wp-json\/wp\/v2\/media?parent=501628"}],"wp:term":[{"taxonomy":"category","embeddable":true,"href":"http:\/\/desarrollo.grupomedios.com\/futbol\/wp-json\/wp\/v2\/categories?post=501628"},{"taxonomy":"post_tag","embeddable":true,"href":"http:\/\/desarrollo.grupomedios.com\/futbol\/wp-json\/wp\/v2\/tags?post=501628"}],"curies":[{"name":"wp","href":"https:\/\/api.w.org\/{rel}","templated":true}]}}