{"id":501663,"date":"2017-09-26T12:11:35","date_gmt":"2017-09-26T17:11:35","guid":{"rendered":"https:\/\/www.futboltotal.com.mx\/?p=501663"},"modified":"2017-09-26T12:11:35","modified_gmt":"2017-09-26T17:11:35","slug":"chicharito-desmiente-cr7-lo-contactara-apoyar-a-mexico","status":"publish","type":"post","link":"http:\/\/desarrollo.grupomedios.com\/futbol\/futbol-mexicano\/chicharito-desmiente-cr7-lo-contactara-apoyar-a-mexico\/2017\/09","title":{"rendered":"Chicharito desmiente que CR7 lo contactara para apoyar a M\u00e9xico"},"content":{"rendered":"<p>Luego de que se rumorara que <strong>Cristiano<\/strong> don\u00f3 1 mill\u00f3n de euros a M\u00e9xico, el mexicano<strong> Chicharito Hern\u00e1ndez<\/strong> ha salido a desmentir la situaci\u00f3n en su cuenta de Twitter.<\/p>\n<p>El jugador del Real Madrid <a href=\"https:\/\/www.futboltotal.com.mx\/2017\/09\/cristiano-ronaldo-respondio-a-la-familia-del-nino-santiago\/\" target=\"_blank\" rel=\"noopener\"><span style=\"color: #3366ff;\">respondi\u00f3 hace unos d\u00edas a la familia del ni\u00f1o Santiago<\/span>,<\/a> quien perdi\u00f3 la vida en el terremoto del pasado 19 de septiembre, y tras su mensaje, se asegur\u00f3 que tambi\u00e9n hab\u00eda<span style=\"color: #3366ff;\"><a href=\"https:\/\/www.futboltotal.com.mx\/2017\/09\/cristiano-contacto-a-chicharito-donar-a-damnificados-del-sismo\/\" target=\"_blank\" rel=\"noopener\"> hecho una importante donaci\u00f3n para apoyar a M\u00e9xico<\/a><\/span>, situaci\u00f3n que Javier Hern\u00e1ndez ya desminti\u00f3.<\/p>\n<p>A trav\u00e9s de su cuenta de Twitter, <strong>Chicharito<\/strong> desminti\u00f3 a los medios que aseguraron que el portugu\u00e9s lo llam\u00f3. aunque espera que s\u00ed lo haga.<\/p>\n<p style=\"text-align: center;\"><span style=\"color: #3366ff;\"><a href=\"https:\/\/www.futboltotal.com.mx\/2017\/09\/pumas-vs-cruz-azul-cambia-horario\/\">VER M\u00c1S: Pumas vs Cruz Azul cambia de horario<\/a><\/span><\/p>\n<blockquote class=\"twitter-tweet\" data-width=\"500\">\n<p lang=\"es\" dir=\"ltr\">A mi no me ha contactado. Pero ojal\u00e1 pueda ayudar a nuestro M\u00e9xico!<\/p>\n<p>&mdash; Chicharito Hernandez (@CH14_) <a href=\"https:\/\/twitter.com\/CH14_\/status\/912421206418247683\">September 25, 2017<\/a><\/p><\/blockquote>\n<p><script async src=\"\/\/platform.twitter.com\/widgets.js\" charset=\"utf-8\"><\/script><\/p>\n<blockquote class=\"twitter-tweet\" data-width=\"500\">\n<p lang=\"es\" dir=\"ltr\">Mentira, a mi no me ha contactado. Pero ojal\u00e1 pueda ayudar a nuestro pa\u00eds de cualquier manera! <a href=\"https:\/\/twitter.com\/hashtag\/YoXM%C3%A9xico?src=hash\">#YoXM\u00e9xico<\/a> <a href=\"https:\/\/t.co\/ky2daU1Wpk\">https:\/\/t.co\/ky2daU1Wpk<\/a><\/p>\n<p>&mdash; Chicharito Hernandez (@CH14_) <a href=\"https:\/\/twitter.com\/CH14_\/status\/912423795012571137\">September 25, 2017<\/a><\/p><\/blockquote>\n<p><script async src=\"\/\/platform.twitter.com\/widgets.js\" charset=\"utf-8\"><\/script><\/p>\n","protected":false},"excerpt":{"rendered":"<p>Chicharito espera que el portugu\u00e9s s\u00ed apoye a M\u00e9xico.<\/p>\n","protected":false},"author":20,"featured_media":493634,"comment_status":"closed","ping_status":"closed","sticky":false,"template":"","format":"standard","meta":[],"categories":[2198],"tags":[549,1496,65,758],"_links":{"self":[{"href":"http:\/\/desarrollo.grupomedios.com\/futbol\/wp-json\/wp\/v2\/posts\/501663"}],"collection":[{"href":"http:\/\/desarrollo.grupomedios.com\/futbol\/wp-json\/wp\/v2\/posts"}],"about":[{"href":"http:\/\/desarrollo.grupomedios.com\/futbol\/wp-json\/wp\/v2\/types\/post"}],"author":[{"embeddable":true,"href":"http:\/\/desarrollo.grupomedios.com\/futbol\/wp-json\/wp\/v2\/users\/20"}],"replies":[{"embeddable":true,"href":"http:\/\/desarrollo.grupomedios.com\/futbol\/wp-json\/wp\/v2\/comments?post=501663"}],"version-history":[{"count":1,"href":"http:\/\/desarrollo.grupomedios.com\/futbol\/wp-json\/wp\/v2\/posts\/501663\/revisions"}],"predecessor-version":[{"id":501664,"href":"http:\/\/desarrollo.grupomedios.com\/futbol\/wp-json\/wp\/v2\/posts\/501663\/revisions\/501664"}],"wp:featuredmedia":[{"embeddable":true,"href":"http:\/\/desarrollo.grupomedios.com\/futbol\/wp-json\/wp\/v2\/media\/493634"}],"wp:attachment":[{"href":"http:\/\/desarrollo.grupomedios.com\/futbol\/wp-json\/wp\/v2\/media?parent=501663"}],"wp:term":[{"taxonomy":"category","embeddable":true,"href":"http:\/\/desarrollo.grupomedios.com\/futbol\/wp-json\/wp\/v2\/categories?post=501663"},{"taxonomy":"post_tag","embeddable":true,"href":"http:\/\/desarrollo.grupomedios.com\/futbol\/wp-json\/wp\/v2\/tags?post=501663"}],"curies":[{"name":"wp","href":"https:\/\/api.w.org\/{rel}","templated":true}]}}