{"id":501687,"date":"2017-09-26T13:29:20","date_gmt":"2017-09-26T18:29:20","guid":{"rendered":"https:\/\/www.futboltotal.com.mx\/?p=501687"},"modified":"2017-09-26T13:36:25","modified_gmt":"2017-09-26T18:36:25","slug":"pachuca-jugara-ante-celta-vigo-psv-eindhoven","status":"publish","type":"post","link":"http:\/\/desarrollo.grupomedios.com\/futbol\/futbol-mexicano\/pachuca-jugara-ante-celta-vigo-psv-eindhoven\/2017\/09","title":{"rendered":"Pachuca jugar\u00e1 ante Celta de Vigo y PSV Eindhoven"},"content":{"rendered":"<p>El cuadro de los <strong>Tuzos del Pachuca<\/strong> dio a conocer una &#8216;mini&#8217; gira europea que realizar\u00e1n a principios de octubre.<\/p>\n<p>A trav\u00e9s de sus redes sociales dieron a conocer que se medir\u00e1n ante el\u00a0<strong>Celta de Vigo y PSV Eindhoven<\/strong> en duelos amistosos.<\/p>\n<p style=\"text-align: center;\"><span style=\"color: #333399;\"><a href=\"https:\/\/www.futboltotal.com.mx\/2017\/09\/real-madrid-analiza-fichaje-dybala\/\" target=\"_blank\" rel=\"noopener\">VER M\u00c1S: Real Madrid analiza el fichaje de Paulo Dybala<\/a><\/span><\/p>\n<p>El juego ante el Celta se llevar\u00e1 a cabo el pr\u00f3xim<strong>o 5 de octubre<\/strong> en el<strong> Estadio Municipal de Bala\u00eddos<\/strong>, casa del conjunto espa\u00f1ol.<\/p>\n<p>Mientras que el duelo ante el PSV tendr\u00e1 cita el pr\u00f3ximo<strong> 9 de octubre<\/strong> en el <strong>Philips Stadion<\/strong>, casa de los Granjeros, donde milita <strong>Hirving &#8216;Chucky&#8217; Lozano<\/strong>, canterano de los Tuzos. En este \u00faltimo duelo se donar\u00e1 la taquilla para los damnificados del sismo que sacudi\u00f3 M\u00e9xico el pasado 19 de septiembre.<\/p>\n<blockquote class=\"twitter-video\" data-lang=\"es\">\n<p dir=\"ltr\" lang=\"es\">&#x1f6a8; <a href=\"https:\/\/twitter.com\/Tuzos\">@Tuzos<\/a> tendr\u00e1 gira en Europa, el 5 de octubre visitar\u00e1n al <a href=\"https:\/\/twitter.com\/RCCelta\">@RCCelta<\/a> y luego el 9 de octubre al <a href=\"https:\/\/twitter.com\/PSV\">@PSV<\/a> que donar\u00e1 la taquilla. <a href=\"https:\/\/t.co\/i3cYH74YrA\">pic.twitter.com\/i3cYH74YrA<\/a><\/p>\n<p>\u2014 PressPort (@PressPortmx) <a href=\"https:\/\/twitter.com\/PressPortmx\/status\/912745679134642176\">26 de septiembre de 2017<\/a><\/p><\/blockquote>\n<p><script async src=\"\/\/platform.twitter.com\/widgets.js\" charset=\"utf-8\"><\/script><\/p>\n<p>&nbsp;<\/p>\n<blockquote class=\"twitter-tweet\" data-lang=\"es\">\n<p dir=\"ltr\" lang=\"es\">Nuestro presidente Jes\u00fas Mart\u00ednez hace oficial nuestra pr\u00f3xima gira europea.<a href=\"https:\/\/twitter.com\/hashtag\/El%C3%9AnicoEnMi?src=hash\">#El\u00danicoEnMi<\/a>&#x1f499; <a href=\"https:\/\/t.co\/C3u8OEVNcZ\">pic.twitter.com\/C3u8OEVNcZ<\/a><\/p>\n<p>\u2014 Club Pachuca (@Tuzos) <a href=\"https:\/\/twitter.com\/Tuzos\/status\/912741514912063488\">26 de septiembre de 2017<\/a><\/p><\/blockquote>\n<p><script async src=\"\/\/platform.twitter.com\/widgets.js\" charset=\"utf-8\"><\/script><\/p>\n<p style=\"text-align: center;\"><span style=\"color: #333399;\"><a href=\"https:\/\/www.futboltotal.com.mx\/2017\/09\/mesut-ozil-quiere-jugar-en-este-club-la-premier-league\/\" target=\"_blank\" rel=\"noopener\">VER M\u00c1S: Mesut \u00d6zil cambiar\u00e1 de club pero no de liga<\/a><\/span><\/p>\n","protected":false},"excerpt":{"rendered":"<p>El cuadro de Tuzos tendr\u00e1 una gira europea<\/p>\n","protected":false},"author":20,"featured_media":493581,"comment_status":"closed","ping_status":"closed","sticky":false,"template":"","format":"standard","meta":[],"categories":[2198,3845],"tags":[2407,5968,3224],"_links":{"self":[{"href":"http:\/\/desarrollo.grupomedios.com\/futbol\/wp-json\/wp\/v2\/posts\/501687"}],"collection":[{"href":"http:\/\/desarrollo.grupomedios.com\/futbol\/wp-json\/wp\/v2\/posts"}],"about":[{"href":"http:\/\/desarrollo.grupomedios.com\/futbol\/wp-json\/wp\/v2\/types\/post"}],"author":[{"embeddable":true,"href":"http:\/\/desarrollo.grupomedios.com\/futbol\/wp-json\/wp\/v2\/users\/20"}],"replies":[{"embeddable":true,"href":"http:\/\/desarrollo.grupomedios.com\/futbol\/wp-json\/wp\/v2\/comments?post=501687"}],"version-history":[{"count":3,"href":"http:\/\/desarrollo.grupomedios.com\/futbol\/wp-json\/wp\/v2\/posts\/501687\/revisions"}],"predecessor-version":[{"id":501691,"href":"http:\/\/desarrollo.grupomedios.com\/futbol\/wp-json\/wp\/v2\/posts\/501687\/revisions\/501691"}],"wp:featuredmedia":[{"embeddable":true,"href":"http:\/\/desarrollo.grupomedios.com\/futbol\/wp-json\/wp\/v2\/media\/493581"}],"wp:attachment":[{"href":"http:\/\/desarrollo.grupomedios.com\/futbol\/wp-json\/wp\/v2\/media?parent=501687"}],"wp:term":[{"taxonomy":"category","embeddable":true,"href":"http:\/\/desarrollo.grupomedios.com\/futbol\/wp-json\/wp\/v2\/categories?post=501687"},{"taxonomy":"post_tag","embeddable":true,"href":"http:\/\/desarrollo.grupomedios.com\/futbol\/wp-json\/wp\/v2\/tags?post=501687"}],"curies":[{"name":"wp","href":"https:\/\/api.w.org\/{rel}","templated":true}]}}