{"id":501704,"date":"2017-09-26T15:55:46","date_gmt":"2017-09-26T20:55:46","guid":{"rendered":"https:\/\/www.futboltotal.com.mx\/?p=501704"},"modified":"2017-09-26T16:00:25","modified_gmt":"2017-09-26T21:00:25","slug":"porto-cuatro-mexicanos-gol-layun-vence-al-monaco","status":"publish","type":"post","link":"http:\/\/desarrollo.grupomedios.com\/futbol\/destacado-home\/porto-cuatro-mexicanos-gol-layun-vence-al-monaco\/2017\/09","title":{"rendered":"Porto, con cuatro mexicanos y gol de Lay\u00fan, vence al M\u00f3naco"},"content":{"rendered":"<p>El <strong>Porto<\/strong> jug\u00f3 un partido redondo en campo del <strong>M\u00f3naco<\/strong>, al que venci\u00f3 por 3-0 terminando el partido con cuatro mexicanos en el campo, adem\u00e1s del gol de <strong>Miguel Lay\u00fan<\/strong> en la segunda jornada de la fase de grupos de la Champions League.<\/p>\n<p>Los <strong><em>Dragones<\/em><\/strong> comenzaron el juego con el azteca <strong>H\u00e9ctor Herrera<\/strong> en el cuadro titular, aunque fue <strong>Vincent Aboubakar<\/strong> la figura del juego al marcar un par de anotaciones para encarrilar el triunfo de los portugueses.<\/p>\n<p style=\"text-align: center;\"><a href=\"https:\/\/www.futboltotal.com.mx\/2017\/09\/resultados-borussia-dortmund-1-3-real-madrid-champions-leacue-cronica\" target=\"_blank\" rel=\"noopener\"><span style=\"color: #333399;\">VER M\u00c1S: Cristiano Ronaldo lidera victoria del Real Madrid en Dortmund<\/span><\/a><\/p>\n<p>&nbsp;<\/p>\n<blockquote class=\"twitter-tweet\" data-lang=\"es\">\n<p dir=\"ltr\" lang=\"es\">Final de Jogo \/ End of the match \/ Final del Partido<\/p>\n<p>31&#8242; [0-1] Aboubakar \u26bd<br \/>\n69&#8242; [0-2] Aboubakar \u26bd<br \/>\n89&#8242; [0-3] Lay\u00fan \u26bd<a href=\"https:\/\/twitter.com\/hashtag\/FCPorto?src=hash\">#FCPorto<\/a> <a href=\"https:\/\/twitter.com\/hashtag\/ASMFCP?src=hash\">#ASMFCP<\/a> <a href=\"https:\/\/twitter.com\/hashtag\/UCL?src=hash\">#UCL<\/a> <a href=\"https:\/\/t.co\/ftU50bTc0s\">pic.twitter.com\/ftU50bTc0s<\/a><\/p>\n<p>\u2014 FC Porto (@FCPorto) <a href=\"https:\/\/twitter.com\/FCPorto\/status\/912778627376394241\">26 de septiembre de 2017<\/a><\/p><\/blockquote>\n<p><script async src=\"\/\/platform.twitter.com\/widgets.js\" charset=\"utf-8\"><\/script><\/p>\n<p>El primer gol fue una muestra de coraje, luego de que al minuto 31 <strong>Danilo Pereira<\/strong> sacara potente disparo lejano que el arquero <strong>Diego Benaglio<\/strong> rechaz\u00f3, aunque <strong>Aboubakar<\/strong> apareci\u00f3 para un doble remate con el que hizo el 1-0.<\/p>\n<p>&nbsp;<\/p>\n<blockquote class=\"twitter-video\" data-lang=\"es\">\n<p dir=\"ltr\" lang=\"en\">&#x1f1e8;&#x1f1f2; Vincent Aboubakar opens the scoring for FC Porto against Monaco in the Champions League! &#x1f525;&#x1f525; <a href=\"https:\/\/t.co\/hIo2xMHmgP\">pic.twitter.com\/hIo2xMHmgP<\/a><\/p>\n<p>\u2014 Mesfouf &amp; Koshary (@MesfoufKoshary) <a href=\"https:\/\/twitter.com\/MesfoufKoshary\/status\/912758832589426690\">26 de septiembre de 2017<\/a><\/p><\/blockquote>\n<p><script async src=\"\/\/platform.twitter.com\/widgets.js\" charset=\"utf-8\"><\/script><\/p>\n<p>Para el minuto 69, el camerun\u00e9s volvi\u00f3 a aparecer s\u00f3lo para empujar el pase de <strong>Moussa Marega<\/strong> luego de un contragolpe letal.<\/p>\n<p>&nbsp;<\/p>\n<blockquote class=\"twitter-video\" data-lang=\"es\">\n<p dir=\"ltr\" lang=\"fr\">L&#8221;ASM domin\u00e9 \u00e0 domicile par le <a href=\"https:\/\/twitter.com\/hashtag\/FCPorto?src=hash\">#FCPorto<\/a> \u26bd\ufe0f<a href=\"https:\/\/twitter.com\/hashtag\/ASM?src=hash\">#ASM<\/a> 0-2 <a href=\"https:\/\/twitter.com\/hashtag\/FCP?src=hash\">#FCP<\/a> &#x1f525;<\/p>\n<p>Doubl\u00e9 pour Vincent Aboubakar (73) &#x1f4fa;<a href=\"https:\/\/twitter.com\/hashtag\/ASMFCP?src=hash\">#ASMFCP<\/a> <a href=\"https:\/\/twitter.com\/hashtag\/BVBRMA?src=hash\">#BVBRMA<\/a> <a href=\"https:\/\/twitter.com\/hashtag\/LDC?src=hash\">#LDC<\/a> <a href=\"https:\/\/twitter.com\/hashtag\/IPTV?src=hash\">#IPTV<\/a> <a href=\"https:\/\/t.co\/9gnnCGdyF2\">pic.twitter.com\/9gnnCGdyF2<\/a><\/p>\n<p>\u2014 Online TV (@OnlineTVfr) <a href=\"https:\/\/twitter.com\/OnlineTVfr\/status\/912774322237968384\">26 de septiembre de 2017<\/a><\/p><\/blockquote>\n<p><script async src=\"\/\/platform.twitter.com\/widgets.js\" charset=\"utf-8\"><\/script><\/p>\n<p>Pero faltar\u00eda el ingreso al campo de los mexicanos <strong>Miguel Lay\u00fan<\/strong>, <strong>Jes\u00fas <em>Tecatito<\/em> Corona<\/strong> y <strong>Diego Reyes<\/strong>, completando el cuarteto de jugadores aztecas juntos en la cancha.<\/p>\n<p>Eso no fue todo, ya que cuando se cumpl\u00eda el tiempo regular, <strong>Miguel Lay\u00fan<\/strong> hizo el tercer gol del Porto.<\/p>\n<p>Tras una serie de rebotes en los que <strong>H\u00e9ctor Herrera<\/strong> estuvo cerca de anotar, <strong>Lay\u00fan<\/strong> apareci\u00f3 sin marca dentro del \u00e1rea y recibi\u00f3 el bal\u00f3n de <strong>Marega<\/strong> para simplemente enviarlo al fondo de la porter\u00eda rival.<\/p>\n<p>&nbsp;<\/p>\n<blockquote class=\"twitter-video\" data-lang=\"es\">\n<p dir=\"ltr\" lang=\"es\"><a href=\"https:\/\/twitter.com\/hashtag\/PorSiTeLoPerdiste?src=hash\">#PorSiTeLoPerdiste<\/a> as\u00ed <a href=\"https:\/\/twitter.com\/Miguel_layun\">@Miguel_layun<\/a> marc\u00f3 el 3-0 del <a href=\"https:\/\/twitter.com\/FCPorto\">@FCPorto<\/a> sobre <a href=\"https:\/\/twitter.com\/AS_Monaco\">@AS_Monaco<\/a> <a href=\"https:\/\/twitter.com\/Radio_Formula\">@Radio_Formula<\/a><br \/>\n&#x1f3a5; v\u00eda <a href=\"https:\/\/twitter.com\/JASON_FPC\">@JASON_FPC<\/a> <a href=\"https:\/\/t.co\/G2GKpVx2lp\">pic.twitter.com\/G2GKpVx2lp<\/a><\/p>\n<p>\u2014 @LaFormulaEsDomingo (@LFEDomingo) <a href=\"https:\/\/twitter.com\/LFEDomingo\/status\/912781892981870593\">26 de septiembre de 2017<\/a><\/p><\/blockquote>\n<p><script async src=\"\/\/platform.twitter.com\/widgets.js\" charset=\"utf-8\"><\/script><\/p>\n<p>Con este resultado el <strong>Porto<\/strong>, que perdi\u00f3 en la primera fecha de la fase de grupos, sum\u00f3 tres puntos para colocarse en el segundo lugar del grupo G, s\u00f3lo abajo del <strong>Besiktas<\/strong> que super\u00f3 al <strong>RasenBallsport Leipzig<\/strong> y ya tiene seis unidades.<\/p>\n<p>&nbsp;<\/p>\n<blockquote class=\"twitter-video\" data-lang=\"es\">\n<p dir=\"ltr\" lang=\"und\">+3 &#x1f535;\u26aa\ufe0f&#x1f4aa;<a href=\"https:\/\/twitter.com\/hashtag\/FCPorto?src=hash\">#FCPorto<\/a> <a href=\"https:\/\/twitter.com\/hashtag\/MarAzul?src=hash\">#MarAzul<\/a> <a href=\"https:\/\/twitter.com\/hashtag\/ASMFCP?src=hash\">#ASMFCP<\/a> <a href=\"https:\/\/twitter.com\/hashtag\/UCL?src=hash\">#UCL<\/a> <a href=\"https:\/\/t.co\/GFuDqLXi4Q\">pic.twitter.com\/GFuDqLXi4Q<\/a><\/p>\n<p>\u2014 FC Porto (@FCPorto) <a href=\"https:\/\/twitter.com\/FCPorto\/status\/912780744308781058\">26 de septiembre de 2017<\/a><\/p><\/blockquote>\n<p><script async src=\"\/\/platform.twitter.com\/widgets.js\" charset=\"utf-8\"><\/script><\/p>\n","protected":false},"excerpt":{"rendered":"<p>La armada mexicana comand\u00f3 a los Dragones al triunfo en la Champions League.<\/p>\n","protected":false},"author":20,"featured_media":501717,"comment_status":"closed","ping_status":"closed","sticky":false,"template":"","format":"standard","meta":[],"categories":[5,3839],"tags":[6006,5995,5443,1035,6093,1208,6045,6360],"_links":{"self":[{"href":"http:\/\/desarrollo.grupomedios.com\/futbol\/wp-json\/wp\/v2\/posts\/501704"}],"collection":[{"href":"http:\/\/desarrollo.grupomedios.com\/futbol\/wp-json\/wp\/v2\/posts"}],"about":[{"href":"http:\/\/desarrollo.grupomedios.com\/futbol\/wp-json\/wp\/v2\/types\/post"}],"author":[{"embeddable":true,"href":"http:\/\/desarrollo.grupomedios.com\/futbol\/wp-json\/wp\/v2\/users\/20"}],"replies":[{"embeddable":true,"href":"http:\/\/desarrollo.grupomedios.com\/futbol\/wp-json\/wp\/v2\/comments?post=501704"}],"version-history":[{"count":2,"href":"http:\/\/desarrollo.grupomedios.com\/futbol\/wp-json\/wp\/v2\/posts\/501704\/revisions"}],"predecessor-version":[{"id":501723,"href":"http:\/\/desarrollo.grupomedios.com\/futbol\/wp-json\/wp\/v2\/posts\/501704\/revisions\/501723"}],"wp:featuredmedia":[{"embeddable":true,"href":"http:\/\/desarrollo.grupomedios.com\/futbol\/wp-json\/wp\/v2\/media\/501717"}],"wp:attachment":[{"href":"http:\/\/desarrollo.grupomedios.com\/futbol\/wp-json\/wp\/v2\/media?parent=501704"}],"wp:term":[{"taxonomy":"category","embeddable":true,"href":"http:\/\/desarrollo.grupomedios.com\/futbol\/wp-json\/wp\/v2\/categories?post=501704"},{"taxonomy":"post_tag","embeddable":true,"href":"http:\/\/desarrollo.grupomedios.com\/futbol\/wp-json\/wp\/v2\/tags?post=501704"}],"curies":[{"name":"wp","href":"https:\/\/api.w.org\/{rel}","templated":true}]}}