{"id":501705,"date":"2017-09-26T15:51:30","date_gmt":"2017-09-26T20:51:30","guid":{"rendered":"https:\/\/www.futboltotal.com.mx\/?p=501705"},"modified":"2017-09-26T15:51:30","modified_gmt":"2017-09-26T20:51:30","slug":"estos-los-mexicanos-disputan-la-uefa-youth-league","status":"publish","type":"post","link":"http:\/\/desarrollo.grupomedios.com\/futbol\/futbol-internacional\/estos-los-mexicanos-disputan-la-uefa-youth-league\/2017\/09","title":{"rendered":"Estos son los mexicanos que disputan la UEFA Youth League"},"content":{"rendered":"<p>La <strong>UEFA Youth League<\/strong> tambi\u00e9n tendr\u00e1 participaci\u00f3n mexicana, pues los clubes aztecas han exportado jugadores cada vez m\u00e1s j\u00f3venes al Viejo Continente.<\/p>\n<p>Uno de los que ver\u00e1 acci\u00f3n es <strong>Joao Junior Maleck<\/strong>, canterano de <strong>Santos Laguna<\/strong> y que hoy milita en las inferiores del <strong>Porto<\/strong>.<\/p>\n<p>El delantero est\u00e1 instalado en el Grupo G donde comparte con el <strong>M\u00f3naco, Beskitas y Leipzig<\/strong>, al igual que en la UEFA Champions League.<\/p>\n<p style=\"text-align: center;\"><span style=\"color: #333399;\"><a href=\"https:\/\/www.futboltotal.com.mx\/2017\/09\/taquilla-del-toluca-vs-pumas-sera-donada-a-damnificados\/\" target=\"_blank\" rel=\"noopener\">VER M\u00c1S: Taquilla del Toluca vs Pumas ser\u00e1 para damnificados<\/a><\/span><\/p>\n<p>Por otro lado, el defensa central, <strong>Paolo Medina<\/strong>, quien recientemente dejara al Real Madrid luego de m\u00e1s de un lustro con los merengues, ver\u00e1 acci\u00f3n ahora con el <strong>Benfica<\/strong>.<\/p>\n<p>El central estar\u00e1 en el grupo A del\u00a0<strong>CSKA, Basel y Manchester United<\/strong>. Cabe se\u00f1alar que en el torneo\u00a0UEFA\u00a0<strong>Youth League\u00a0<\/strong>s\u00f3lo pueden estar jugadores Sub 19, requisito que cumplen ambos mexicanos.<\/p>\n<p style=\"text-align: center;\"><span style=\"color: #333399;\"><a href=\"https:\/\/www.futboltotal.com.mx\/2017\/09\/pachuca-jugara-ante-celta-vigo-psv-eindhoven\/\" target=\"_blank\" rel=\"noopener\">VER M\u00c1S: Pachuca jugar\u00e1 ante el Celta de Vigo y PSV Eindhoven<\/a><\/span><\/p>\n<p>&nbsp;<\/p>\n<p>&nbsp;<\/p>\n","protected":false},"excerpt":{"rendered":"<p>En las inferiores de Europa tambi\u00e9n habr\u00e1 participaci\u00f3n mexicana<\/p>\n","protected":false},"author":20,"featured_media":501711,"comment_status":"closed","ping_status":"closed","sticky":false,"template":"","format":"standard","meta":[],"categories":[3839],"tags":[6060,10359,7419,1208,10360],"_links":{"self":[{"href":"http:\/\/desarrollo.grupomedios.com\/futbol\/wp-json\/wp\/v2\/posts\/501705"}],"collection":[{"href":"http:\/\/desarrollo.grupomedios.com\/futbol\/wp-json\/wp\/v2\/posts"}],"about":[{"href":"http:\/\/desarrollo.grupomedios.com\/futbol\/wp-json\/wp\/v2\/types\/post"}],"author":[{"embeddable":true,"href":"http:\/\/desarrollo.grupomedios.com\/futbol\/wp-json\/wp\/v2\/users\/20"}],"replies":[{"embeddable":true,"href":"http:\/\/desarrollo.grupomedios.com\/futbol\/wp-json\/wp\/v2\/comments?post=501705"}],"version-history":[{"count":1,"href":"http:\/\/desarrollo.grupomedios.com\/futbol\/wp-json\/wp\/v2\/posts\/501705\/revisions"}],"predecessor-version":[{"id":501713,"href":"http:\/\/desarrollo.grupomedios.com\/futbol\/wp-json\/wp\/v2\/posts\/501705\/revisions\/501713"}],"wp:featuredmedia":[{"embeddable":true,"href":"http:\/\/desarrollo.grupomedios.com\/futbol\/wp-json\/wp\/v2\/media\/501711"}],"wp:attachment":[{"href":"http:\/\/desarrollo.grupomedios.com\/futbol\/wp-json\/wp\/v2\/media?parent=501705"}],"wp:term":[{"taxonomy":"category","embeddable":true,"href":"http:\/\/desarrollo.grupomedios.com\/futbol\/wp-json\/wp\/v2\/categories?post=501705"},{"taxonomy":"post_tag","embeddable":true,"href":"http:\/\/desarrollo.grupomedios.com\/futbol\/wp-json\/wp\/v2\/tags?post=501705"}],"curies":[{"name":"wp","href":"https:\/\/api.w.org\/{rel}","templated":true}]}}