{"id":501708,"date":"2017-09-27T19:50:35","date_gmt":"2017-09-28T00:50:35","guid":{"rendered":"https:\/\/www.futboltotal.com.mx\/?p=501708"},"modified":"2017-09-27T20:59:22","modified_gmt":"2017-09-28T01:59:22","slug":"201709club-leon-vs-club-america-apertura-2017-liga-mx-minuto-a-minuto","status":"publish","type":"post","link":"http:\/\/desarrollo.grupomedios.com\/futbol\/futbol-mexicano\/201709club-leon-vs-club-america-apertura-2017-liga-mx-minuto-a-minuto\/2017\/09","title":{"rendered":"Club Le\u00f3n vs Club Am\u00e9rica | Liga MX | Minuto a Minuto"},"content":{"rendered":"<p><strong>Le\u00f3n<\/strong> recibe la visita del <strong>Am\u00e9rica<\/strong> en el reinicio de la Liga MX tras el par\u00f3n por el sismo que azot\u00f3 a M\u00e9xico el pasado 19 de septiembre.<\/p>\n<iframe src=\"https:\/\/en-vivo.futboltotal.com.mx\/embed.php\/?id=311\" width=\"100%\" id=\"frame_minuto\"><\/iframe>\n<p>Las <em>\u00c1guilas<\/em> buscan salir con vida del Nou Camp, estadio donde s\u00f3lo ha conseguido una victoria en sus \u00faltimos siete partidos de liga y al que regresan para la <strong>fecha 11<\/strong> del <strong>Apertura 2017<\/strong>.<\/p>\n<p>El cuadro esmeralda viene en ascenso con par de victorias consecutivas, y por ahora se han metido entre los ocho primeros, con miras a una posible liguilla.<\/p>\n<p>Mauro Boselli, Jorge Pereyra y El\u00edas Hern\u00e1ndez contra Oribe Peralta, Silvio Romero y Darwin Quintero. Par de tridentes que prometen goles en el estadio de Le\u00f3n, donde se vivir\u00e1 un emocionante partido<\/p>\n","protected":false},"excerpt":{"rendered":"<p>Las \u00c1guilas se meten al Nou Camp a tratar de salir con vida.<\/p>\n","protected":false},"author":20,"featured_media":501720,"comment_status":"closed","ping_status":"closed","sticky":false,"template":"","format":"standard","meta":[],"categories":[2198,3845],"tags":[5959,5965,64],"_links":{"self":[{"href":"http:\/\/desarrollo.grupomedios.com\/futbol\/wp-json\/wp\/v2\/posts\/501708"}],"collection":[{"href":"http:\/\/desarrollo.grupomedios.com\/futbol\/wp-json\/wp\/v2\/posts"}],"about":[{"href":"http:\/\/desarrollo.grupomedios.com\/futbol\/wp-json\/wp\/v2\/types\/post"}],"author":[{"embeddable":true,"href":"http:\/\/desarrollo.grupomedios.com\/futbol\/wp-json\/wp\/v2\/users\/20"}],"replies":[{"embeddable":true,"href":"http:\/\/desarrollo.grupomedios.com\/futbol\/wp-json\/wp\/v2\/comments?post=501708"}],"version-history":[{"count":5,"href":"http:\/\/desarrollo.grupomedios.com\/futbol\/wp-json\/wp\/v2\/posts\/501708\/revisions"}],"predecessor-version":[{"id":501989,"href":"http:\/\/desarrollo.grupomedios.com\/futbol\/wp-json\/wp\/v2\/posts\/501708\/revisions\/501989"}],"wp:featuredmedia":[{"embeddable":true,"href":"http:\/\/desarrollo.grupomedios.com\/futbol\/wp-json\/wp\/v2\/media\/501720"}],"wp:attachment":[{"href":"http:\/\/desarrollo.grupomedios.com\/futbol\/wp-json\/wp\/v2\/media?parent=501708"}],"wp:term":[{"taxonomy":"category","embeddable":true,"href":"http:\/\/desarrollo.grupomedios.com\/futbol\/wp-json\/wp\/v2\/categories?post=501708"},{"taxonomy":"post_tag","embeddable":true,"href":"http:\/\/desarrollo.grupomedios.com\/futbol\/wp-json\/wp\/v2\/tags?post=501708"}],"curies":[{"name":"wp","href":"https:\/\/api.w.org\/{rel}","templated":true}]}}