{"id":501760,"date":"2017-09-26T17:46:53","date_gmt":"2017-09-26T22:46:53","guid":{"rendered":"https:\/\/www.futboltotal.com.mx\/?p=501760"},"modified":"2017-09-26T17:46:53","modified_gmt":"2017-09-26T22:46:53","slug":"dos-meses-despues-lucero-alvarez-regresa-mascara-a-las-canchas","status":"publish","type":"post","link":"http:\/\/desarrollo.grupomedios.com\/futbol\/futbol-mexicano\/dos-meses-despues-lucero-alvarez-regresa-mascara-a-las-canchas\/2017\/09","title":{"rendered":"Dos meses despu\u00e9s, Lucero \u00c1lvarez regresa con m\u00e1scara a las canchas"},"content":{"rendered":"<p>El arquero <strong>Lucero \u00c1lvarez<\/strong> estuvo cerca de perder un ojo, pero hoy ha vuelto a pisar las canchas en un juego de futbol.<\/p>\n<p>\u00c1lvarez era el arquero titular de <strong>Lobos BUAP<\/strong>, pero un choque con el delantero Everaldo Stum, lo dej\u00f3 muy lastimado y con una posibilidad muy grande de perder su ojo, pero no fue as\u00ed.<\/p>\n<p style=\"text-align: center;\"><span style=\"color: #333399;\"><a href=\"https:\/\/www.futboltotal.com.mx\/2017\/09\/201709chivas-vs-lobos-buap-liga-mx-minuto-a-minuto\/\">VER M\u00c1S:\u00a0<span class=\"item-title\">Chivas vs Lobos BUAP | Liga MX | Minuto a Minuto<\/span><\/a><\/span><\/p>\n<p>El portero poblano reapareci\u00f3 con <strong>una m\u00e1scara<\/strong> en la <strong>filial Sub-20<\/strong> y particip\u00f3 en el encuentro donde las Chivas derrotaron 2-1 a los Lobos BUAP.<\/p>\n<p>Pese al resultado, la buena noticia fue el regreso de Lucero \u00c1lvarez, quien muy pronto ser\u00eda tomado en cuenta por Rafael Puente del R\u00edo.<\/p>\n<p style=\"text-align: center;\"><span style=\"color: #333399;\"><a href=\"https:\/\/www.futboltotal.com.mx\/2017\/09\/chivas-tendra-propia-pelicula-en-octubre\/\">VER M\u00c1S:\u00a0<span class=\"item-title\">Chivas tendr\u00e1 su propia pel\u00edcula en octubre<\/span><\/a><\/span><\/p>\n","protected":false},"excerpt":{"rendered":"<p>El arquero jug\u00f3 con la filial Sub20<\/p>\n","protected":false},"author":20,"featured_media":501761,"comment_status":"closed","ping_status":"closed","sticky":false,"template":"","format":"standard","meta":[],"categories":[2198,3845],"tags":[431,9551],"_links":{"self":[{"href":"http:\/\/desarrollo.grupomedios.com\/futbol\/wp-json\/wp\/v2\/posts\/501760"}],"collection":[{"href":"http:\/\/desarrollo.grupomedios.com\/futbol\/wp-json\/wp\/v2\/posts"}],"about":[{"href":"http:\/\/desarrollo.grupomedios.com\/futbol\/wp-json\/wp\/v2\/types\/post"}],"author":[{"embeddable":true,"href":"http:\/\/desarrollo.grupomedios.com\/futbol\/wp-json\/wp\/v2\/users\/20"}],"replies":[{"embeddable":true,"href":"http:\/\/desarrollo.grupomedios.com\/futbol\/wp-json\/wp\/v2\/comments?post=501760"}],"version-history":[{"count":1,"href":"http:\/\/desarrollo.grupomedios.com\/futbol\/wp-json\/wp\/v2\/posts\/501760\/revisions"}],"predecessor-version":[{"id":501764,"href":"http:\/\/desarrollo.grupomedios.com\/futbol\/wp-json\/wp\/v2\/posts\/501760\/revisions\/501764"}],"wp:featuredmedia":[{"embeddable":true,"href":"http:\/\/desarrollo.grupomedios.com\/futbol\/wp-json\/wp\/v2\/media\/501761"}],"wp:attachment":[{"href":"http:\/\/desarrollo.grupomedios.com\/futbol\/wp-json\/wp\/v2\/media?parent=501760"}],"wp:term":[{"taxonomy":"category","embeddable":true,"href":"http:\/\/desarrollo.grupomedios.com\/futbol\/wp-json\/wp\/v2\/categories?post=501760"},{"taxonomy":"post_tag","embeddable":true,"href":"http:\/\/desarrollo.grupomedios.com\/futbol\/wp-json\/wp\/v2\/tags?post=501760"}],"curies":[{"name":"wp","href":"https:\/\/api.w.org\/{rel}","templated":true}]}}