{"id":501769,"date":"2017-09-26T18:10:31","date_gmt":"2017-09-26T23:10:31","guid":{"rendered":"https:\/\/www.futboltotal.com.mx\/?p=501769"},"modified":"2017-09-26T18:10:31","modified_gmt":"2017-09-26T23:10:31","slug":"comentarista-televisa-deportes-denuncia-broma-alarma-sismica","status":"publish","type":"post","link":"http:\/\/desarrollo.grupomedios.com\/futbol\/cambio-de-juego\/comentarista-televisa-deportes-denuncia-broma-alarma-sismica\/2017\/09","title":{"rendered":"Comentarista de Televisa Deportes denuncia broma con alarma s\u00edsmica"},"content":{"rendered":"<p><strong>Andr\u00e9s Vaca<\/strong>, comentarista de <strong>Televisa Deportes<\/strong>, denunci\u00f3 a trav\u00e9s de su cuenta de Twitter una peligrosa broma por parte de unos adolescentes, que han emitido falsas alarmas s\u00edsmicas para aterrar a sus vecinos.<\/p>\n<p>A trav\u00e9s de su cuenta de las redes sociales, el narrador de la televisora de Chapultepec pidi\u00f3 a sus seguidores que le ayudaran a denunciar a dichos j\u00f3venes, quienes emiten el sonido de la alerta en su celular y a trav\u00e9s de una bocina, colocada en la venta del lugar en el que se encuentran, se transmite a la calle mientras uno de ellos grita: &#8220;est\u00e1 temblando&#8221; y la gente sale a la calle.<\/p>\n<p>Aqu\u00ed el video que comparti\u00f3 <strong>Andr\u00e9s Vaca<\/strong>.<\/p>\n<p style=\"text-align: center;\"><span style=\"color: #3366ff;\"><a href=\"https:\/\/www.futboltotal.com.mx\/2017\/09\/julian-draxler-llegaria-al-real-madrid-en-enero\/\">VER M\u00c1S: Julian Draxler llegar\u00eda al Real Madrid en enero<\/a><\/span><\/p>\n<blockquote class=\"twitter-tweet\" data-width=\"500\">\n<p lang=\"es\" dir=\"ltr\">Esto es no tener respeto. Unos sin verg\u00fcenza (por no decir algo peor). <br \/>Ayuden a denunciarlos. <a href=\"https:\/\/t.co\/sb6m6V7fnx\">pic.twitter.com\/sb6m6V7fnx<\/a><\/p>\n<p>&mdash; Andr\u00e9s Vaca (@Andres_Vaca_) <a href=\"https:\/\/twitter.com\/Andres_Vaca_\/status\/912349885961207808\">September 25, 2017<\/a><\/p><\/blockquote>\n<p><script async src=\"\/\/platform.twitter.com\/widgets.js\" charset=\"utf-8\"><\/script><\/p>\n<p>Los responsables fueron identificados como Aaron, Josu\u00e9 Alberto y Jonathan. A trav\u00e9s de redes sociales se publicaron los perfiles de Facebook de los j\u00f3venes, sin embargo dos de ellos ya no se encuentran disponibles.<\/p>\n","protected":false},"excerpt":{"rendered":"<p>El cronista denunci\u00f3 a trav\u00e9s de Twitter.<\/p>\n","protected":false},"author":20,"featured_media":501770,"comment_status":"closed","ping_status":"closed","sticky":false,"template":"","format":"standard","meta":[],"categories":[5419],"tags":[10361,5460,758,7283],"_links":{"self":[{"href":"http:\/\/desarrollo.grupomedios.com\/futbol\/wp-json\/wp\/v2\/posts\/501769"}],"collection":[{"href":"http:\/\/desarrollo.grupomedios.com\/futbol\/wp-json\/wp\/v2\/posts"}],"about":[{"href":"http:\/\/desarrollo.grupomedios.com\/futbol\/wp-json\/wp\/v2\/types\/post"}],"author":[{"embeddable":true,"href":"http:\/\/desarrollo.grupomedios.com\/futbol\/wp-json\/wp\/v2\/users\/20"}],"replies":[{"embeddable":true,"href":"http:\/\/desarrollo.grupomedios.com\/futbol\/wp-json\/wp\/v2\/comments?post=501769"}],"version-history":[{"count":1,"href":"http:\/\/desarrollo.grupomedios.com\/futbol\/wp-json\/wp\/v2\/posts\/501769\/revisions"}],"predecessor-version":[{"id":501771,"href":"http:\/\/desarrollo.grupomedios.com\/futbol\/wp-json\/wp\/v2\/posts\/501769\/revisions\/501771"}],"wp:featuredmedia":[{"embeddable":true,"href":"http:\/\/desarrollo.grupomedios.com\/futbol\/wp-json\/wp\/v2\/media\/501770"}],"wp:attachment":[{"href":"http:\/\/desarrollo.grupomedios.com\/futbol\/wp-json\/wp\/v2\/media?parent=501769"}],"wp:term":[{"taxonomy":"category","embeddable":true,"href":"http:\/\/desarrollo.grupomedios.com\/futbol\/wp-json\/wp\/v2\/categories?post=501769"},{"taxonomy":"post_tag","embeddable":true,"href":"http:\/\/desarrollo.grupomedios.com\/futbol\/wp-json\/wp\/v2\/tags?post=501769"}],"curies":[{"name":"wp","href":"https:\/\/api.w.org\/{rel}","templated":true}]}}