{"id":501776,"date":"2017-09-27T12:40:42","date_gmt":"2017-09-27T17:40:42","guid":{"rendered":"https:\/\/www.futboltotal.com.mx\/?p=501776"},"modified":"2017-09-27T15:48:46","modified_gmt":"2017-09-27T20:48:46","slug":"201709psg-vs-fc-bayern-munich-uefa-champions-league-minuto-a-minuto","status":"publish","type":"post","link":"http:\/\/desarrollo.grupomedios.com\/futbol\/futbol-internacional\/201709psg-vs-fc-bayern-munich-uefa-champions-league-minuto-a-minuto\/2017\/09","title":{"rendered":"PSG vs FC Bayern Munich | UEFA Champions League | Minuto a Minuto"},"content":{"rendered":"<p><strong>PSG vs FC Bayern Munich<\/strong> jugar\u00e1n la Jornada 2 de la <strong>UEFA Champions League<\/strong> cuando se enfrenten este mi\u00e9rcoles 27 de septiembre a las 13:45 hrs en la cancha del estadio Parc des Princes de Par\u00eds.<\/p>\n<iframe src=\"https:\/\/en-vivo.futboltotal.com.mx\/embed.php\/?id=310\" width=\"100%\" id=\"frame_minuto\"><\/iframe>\n<p>Este es uno de los encuentros que m\u00e1s destacan en el certamen, pues los millonarios parisinos con <strong>Neymar<\/strong>, <strong>Mbapp\u00e9<\/strong> y <strong>Edinson Cavani<\/strong>, tendr\u00e1n en frente al Bayern de Ancelotti, que cuenta con uno de los mejores planteles del mundo encabezado por <strong>Robert Lewandowski<\/strong>, <strong>Thomas M\u00fcller<\/strong>, <strong>Arjen Robben<\/strong> y el reci\u00e9n llegado <strong>James Rodr\u00edguez<\/strong>.<\/p>\n<p>El <strong>Paris Saint Germain<\/strong> viene de golear en su debut al Celtic, donde su poderoso tridente destac\u00f3 marcando todos los goles en Escocia.<\/p>\n<p>Por su parte, el <strong>Bayern Munich<\/strong> tambi\u00e9n inici\u00f3 con una goleada en casa ante el Anderletch de B\u00e9lgica.<\/p>\n<p>\u00bfQui\u00e9n ganar\u00e1 el <strong>PSG vs FC Bayern Munich<\/strong>, cracks?<\/p>\n","protected":false},"excerpt":{"rendered":"<p>El PSG vs Bayern Munich es uno de los encuentros que m\u00e1s llaman la atenci\u00f3n en la Champions.<\/p>\n","protected":false},"author":20,"featured_media":501909,"comment_status":"closed","ping_status":"closed","sticky":false,"template":"","format":"standard","meta":[],"categories":[3841,3839],"tags":[6086,2056,2449,6082,5051,8554,6001,114,5792],"_links":{"self":[{"href":"http:\/\/desarrollo.grupomedios.com\/futbol\/wp-json\/wp\/v2\/posts\/501776"}],"collection":[{"href":"http:\/\/desarrollo.grupomedios.com\/futbol\/wp-json\/wp\/v2\/posts"}],"about":[{"href":"http:\/\/desarrollo.grupomedios.com\/futbol\/wp-json\/wp\/v2\/types\/post"}],"author":[{"embeddable":true,"href":"http:\/\/desarrollo.grupomedios.com\/futbol\/wp-json\/wp\/v2\/users\/20"}],"replies":[{"embeddable":true,"href":"http:\/\/desarrollo.grupomedios.com\/futbol\/wp-json\/wp\/v2\/comments?post=501776"}],"version-history":[{"count":3,"href":"http:\/\/desarrollo.grupomedios.com\/futbol\/wp-json\/wp\/v2\/posts\/501776\/revisions"}],"predecessor-version":[{"id":501900,"href":"http:\/\/desarrollo.grupomedios.com\/futbol\/wp-json\/wp\/v2\/posts\/501776\/revisions\/501900"}],"wp:featuredmedia":[{"embeddable":true,"href":"http:\/\/desarrollo.grupomedios.com\/futbol\/wp-json\/wp\/v2\/media\/501909"}],"wp:attachment":[{"href":"http:\/\/desarrollo.grupomedios.com\/futbol\/wp-json\/wp\/v2\/media?parent=501776"}],"wp:term":[{"taxonomy":"category","embeddable":true,"href":"http:\/\/desarrollo.grupomedios.com\/futbol\/wp-json\/wp\/v2\/categories?post=501776"},{"taxonomy":"post_tag","embeddable":true,"href":"http:\/\/desarrollo.grupomedios.com\/futbol\/wp-json\/wp\/v2\/tags?post=501776"}],"curies":[{"name":"wp","href":"https:\/\/api.w.org\/{rel}","templated":true}]}}