{"id":501784,"date":"2017-09-26T19:39:42","date_gmt":"2017-09-27T00:39:42","guid":{"rendered":"https:\/\/www.futboltotal.com.mx\/?p=501784"},"modified":"2017-09-26T19:39:42","modified_gmt":"2017-09-27T00:39:42","slug":"joserra-orvananos-perro-bermudez-juntos-en-transmision-tv","status":"publish","type":"post","link":"http:\/\/desarrollo.grupomedios.com\/futbol\/destacado-home\/joserra-orvananos-perro-bermudez-juntos-en-transmision-tv\/2017\/09","title":{"rendered":"&#8216;Joserra&#8217;, Orva\u00f1anos y el &#8216;Perro&#8217; Berm\u00fadez, juntos en transmisi\u00f3n de TV"},"content":{"rendered":"<p><strong>Jos\u00e9 Ram\u00f3n Fern\u00e1ndez y Enrique &#8216;Perro&#8217; Berm\u00fadez<\/strong> se unir\u00e1n para narrar dos partidos de la jornada doble en Estados Unidos, como parte de una campa\u00f1a en apoyo a las v\u00edctimas del sismo en M\u00e9xico.<\/p>\n<p>La cadena ESPN y Univisi\u00f3n Deportes son parte de un conglomerado de seis cadenas deportivas que en Estados Unidos se han unido para generar ingresos para los damnificados en todo el territorio mexicano.<\/p>\n<p style=\"text-align: center;\"><span style=\"color: #333399;\"><a href=\"https:\/\/www.futboltotal.com.mx\/2017\/09\/comentarista-televisa-deportes-denuncia-broma-alarma-sismica\/\">VER M\u00c1S:\u00a0<span class=\"item-title\">Comentarista de Televisa Deportes denuncia broma con alarma s\u00edsmica<\/span><\/a><\/span><\/p>\n<p>El &#8216;Perro&#8217; comparti\u00f3 una imagen en sus redes sociales, donde aparece junto a &#8216;Joserra&#8217; y se\u00f1al\u00f3 que est\u00e1n en Miami para participar en esta campa\u00f1a de ayuda.<\/p>\n<p>Esta es la panor\u00e1mica que comparti\u00f3 Berm\u00fadez en su cuenta de Twitter.<\/p>\n<blockquote class=\"twitter-tweet\" data-lang=\"es\">\n<p dir=\"ltr\" lang=\"es\">Con <a href=\"https:\/\/twitter.com\/joserra_espn\">@joserra_espn<\/a> en <a href=\"https:\/\/twitter.com\/hashtag\/Miami?src=hash\">#Miami<\/a> <a href=\"https:\/\/twitter.com\/hashtag\/UnidosPorLosNuestros?src=hash\">#UnidosPorLosNuestros<\/a> <a href=\"https:\/\/twitter.com\/UnivisionSports\">@UnivisionSports<\/a> <a href=\"https:\/\/twitter.com\/ESPNDeportes\">@ESPNDeportes<\/a> <a href=\"https:\/\/twitter.com\/FOXDeportes\">@FOXDeportes<\/a> <a href=\"https:\/\/twitter.com\/ESbeINSPORTS\">@ESbeINSPORTS<\/a> para#Mexico,<a href=\"https:\/\/twitter.com\/hashtag\/PuertoRico?src=hash\">#PuertoRico<\/a> <a href=\"https:\/\/twitter.com\/hashtag\/texas?src=hash\">#texas<\/a>!! <a href=\"https:\/\/t.co\/zbR8686mRl\">pic.twitter.com\/zbR8686mRl<\/a><\/p>\n<p>\u2014 Enrique Bermudez (@enriquebermudez) <a href=\"https:\/\/twitter.com\/enriquebermudez\/status\/912724441645371394\">26 de septiembre de 2017<\/a><\/p><\/blockquote>\n<p><script async src=\"\/\/platform.twitter.com\/widgets.js\" charset=\"utf-8\"><\/script><\/p>\n<blockquote class=\"twitter-tweet\" data-lang=\"es\">\n<p dir=\"ltr\" lang=\"es\">Con mi brother <a href=\"https:\/\/twitter.com\/RaulOrvananos\">@RaulOrvananos<\/a> ,<a href=\"https:\/\/twitter.com\/hashtag\/UnidosPorLosNuestros?src=hash\">#UnidosPorLosNuestros<\/a> en <a href=\"https:\/\/twitter.com\/hashtag\/Miami?src=hash\">#Miami<\/a> por:<a href=\"https:\/\/twitter.com\/UnivisionSports\">@UnivisionSports<\/a> <a href=\"https:\/\/twitter.com\/FOXDeportes\">@FOXDeportes<\/a> <a href=\"https:\/\/twitter.com\/ESPNDeportes\">@ESPNDeportes<\/a> <a href=\"https:\/\/twitter.com\/AztecaAmerica\">@AztecaAmerica<\/a> <a href=\"https:\/\/twitter.com\/ESbeINSPORTS\">@ESbeINSPORTS<\/a> <a href=\"https:\/\/t.co\/t8rnHpiAWO\">pic.twitter.com\/t8rnHpiAWO<\/a><\/p>\n<p>\u2014 Enrique Bermudez (@enriquebermudez) <a href=\"https:\/\/twitter.com\/enriquebermudez\/status\/912725901539979264\">26 de septiembre de 2017<\/a><\/p><\/blockquote>\n<p><script async src=\"\/\/platform.twitter.com\/widgets.js\" charset=\"utf-8\"><\/script><\/p>\n","protected":false},"excerpt":{"rendered":"<p>Ambos comentaristas son parte de una campa\u00f1a en apoyo a las v\u00edctimas del sismo<\/p>\n","protected":false},"author":20,"featured_media":501786,"comment_status":"closed","ping_status":"closed","sticky":false,"template":"","format":"standard","meta":[],"categories":[5419,5,2198,3845],"tags":[10362,6974],"_links":{"self":[{"href":"http:\/\/desarrollo.grupomedios.com\/futbol\/wp-json\/wp\/v2\/posts\/501784"}],"collection":[{"href":"http:\/\/desarrollo.grupomedios.com\/futbol\/wp-json\/wp\/v2\/posts"}],"about":[{"href":"http:\/\/desarrollo.grupomedios.com\/futbol\/wp-json\/wp\/v2\/types\/post"}],"author":[{"embeddable":true,"href":"http:\/\/desarrollo.grupomedios.com\/futbol\/wp-json\/wp\/v2\/users\/20"}],"replies":[{"embeddable":true,"href":"http:\/\/desarrollo.grupomedios.com\/futbol\/wp-json\/wp\/v2\/comments?post=501784"}],"version-history":[{"count":1,"href":"http:\/\/desarrollo.grupomedios.com\/futbol\/wp-json\/wp\/v2\/posts\/501784\/revisions"}],"predecessor-version":[{"id":501787,"href":"http:\/\/desarrollo.grupomedios.com\/futbol\/wp-json\/wp\/v2\/posts\/501784\/revisions\/501787"}],"wp:featuredmedia":[{"embeddable":true,"href":"http:\/\/desarrollo.grupomedios.com\/futbol\/wp-json\/wp\/v2\/media\/501786"}],"wp:attachment":[{"href":"http:\/\/desarrollo.grupomedios.com\/futbol\/wp-json\/wp\/v2\/media?parent=501784"}],"wp:term":[{"taxonomy":"category","embeddable":true,"href":"http:\/\/desarrollo.grupomedios.com\/futbol\/wp-json\/wp\/v2\/categories?post=501784"},{"taxonomy":"post_tag","embeddable":true,"href":"http:\/\/desarrollo.grupomedios.com\/futbol\/wp-json\/wp\/v2\/tags?post=501784"}],"curies":[{"name":"wp","href":"https:\/\/api.w.org\/{rel}","templated":true}]}}