{"id":501873,"date":"2017-09-27T10:54:42","date_gmt":"2017-09-27T15:54:42","guid":{"rendered":"https:\/\/www.futboltotal.com.mx\/?p=501873"},"modified":"2017-09-27T10:54:42","modified_gmt":"2017-09-27T15:54:42","slug":"jugador-aguanto-ruido-en-estadio-besiktas-pidio-cambio","status":"publish","type":"post","link":"http:\/\/desarrollo.grupomedios.com\/futbol\/futbol-internacional\/jugador-aguanto-ruido-en-estadio-besiktas-pidio-cambio\/2017\/09","title":{"rendered":"Jugador no aguant\u00f3 ruido en estadio de Besiktas y pidi\u00f3 su cambio"},"content":{"rendered":"<p>El delantero del\u00a0<strong>RB Leipzig<\/strong>, <strong>Timo Werner<\/strong>, no soport\u00f3 el ruido que provocaba la hinchada del <strong>Besiktas<\/strong> y prefiri\u00f3 pedir su cambio.<\/p>\n<p>El delantero alem\u00e1n se estuvo tapando los o\u00eddos durante el encuentro de <strong>Champions League<\/strong> ante el Besiktas, incluso pidi\u00f3 unos tapones, pero al minuto 32 no aguant\u00f3 m\u00e1s y pidi\u00f3 sustituci\u00f3n.<\/p>\n<blockquote class=\"twitter-video\" data-lang=\"es\">\n<p dir=\"ltr\" lang=\"en\">Timo Werner asked to be subbed as noise from Besiktas fans was making him dizzy! <a href=\"https:\/\/t.co\/5yWIiHNqtU\">pic.twitter.com\/5yWIiHNqtU<\/a><\/p>\n<p>\u2014 Photos of Football (@photosofootball) <a href=\"https:\/\/twitter.com\/photosofootball\/status\/913054358710947841\">27 de septiembre de 2017<\/a><\/p><\/blockquote>\n<p><script async src=\"\/\/platform.twitter.com\/widgets.js\" charset=\"utf-8\"><\/script><\/p>\n<p style=\"text-align: center;\"><span style=\"color: #333399;\"><a href=\"https:\/\/www.futboltotal.com.mx\/2017\/09\/christian-pulisic-pretendido-estos-4-equipos\/\" target=\"_blank\" rel=\"noopener\">VER M\u00c1S: Chrisitan Pulisic es pretendido por estos 4 equipos<\/a><\/span><\/p>\n<p>Al final los turcos se llevaron el triunfo por marcador de 2-0 sobre el conjunto alem\u00e1n.<\/p>\n<p><strong>Ralph Hasenhuttl<\/strong>, t\u00e9cnico del RB Leipzig, indic\u00f3 al respecto; &#8220;Werner tuvo algunos problemas durante el partido y quer\u00eda descansar. Dijo que no pod\u00eda respirar, pero ahora est\u00e1 bien&#8221;.<\/p>\n<p>Incluso el entrenador del Besiktas,\u00a0<strong>Senol Gunes<\/strong>, indic\u00f3 que comparte el sentimiento con el alem\u00e1n.<\/p>\n<p>&#8220;Wener fue perturbado por el ruido. A veces tengo el mismo problema con los o\u00eddos debido al ruido y la atm\u00f3sfera. Lo viv\u00ed en mi primer partido en el Vodafone Park&#8221;, sentenci\u00f3.<\/p>\n<p>As\u00ed se viv\u00eda el ambiente en el estadio\u00a0Vodafone Park del Besiktas:<\/p>\n<p><iframe loading=\"lazy\" src=\"https:\/\/www.youtube.com\/embed\/T6o8SmdkRwI?feature=oembed\" frameborder=\"0\" allowfullscreen><\/iframe><\/p>\n<p style=\"text-align: center;\"><span style=\"color: #333399;\"><a href=\"https:\/\/www.futboltotal.com.mx\/2017\/09\/jose-mourinho-exige-fichaje-100-millones-euros\/\" target=\"_blank\" rel=\"noopener\">VER M\u00c1S: Jos\u00e9 Mourinho exige este fichaje para su Manchester United<\/a><\/span><\/p>\n","protected":false},"excerpt":{"rendered":"<p>El alem\u00e1n no logr\u00f3 aguantar a la fanaticada del Besiktas<\/p>\n","protected":false},"author":20,"featured_media":501874,"comment_status":"closed","ping_status":"closed","sticky":false,"template":"","format":"standard","meta":[],"categories":[3839],"tags":[5773,36,7615,10131],"_links":{"self":[{"href":"http:\/\/desarrollo.grupomedios.com\/futbol\/wp-json\/wp\/v2\/posts\/501873"}],"collection":[{"href":"http:\/\/desarrollo.grupomedios.com\/futbol\/wp-json\/wp\/v2\/posts"}],"about":[{"href":"http:\/\/desarrollo.grupomedios.com\/futbol\/wp-json\/wp\/v2\/types\/post"}],"author":[{"embeddable":true,"href":"http:\/\/desarrollo.grupomedios.com\/futbol\/wp-json\/wp\/v2\/users\/20"}],"replies":[{"embeddable":true,"href":"http:\/\/desarrollo.grupomedios.com\/futbol\/wp-json\/wp\/v2\/comments?post=501873"}],"version-history":[{"count":1,"href":"http:\/\/desarrollo.grupomedios.com\/futbol\/wp-json\/wp\/v2\/posts\/501873\/revisions"}],"predecessor-version":[{"id":501875,"href":"http:\/\/desarrollo.grupomedios.com\/futbol\/wp-json\/wp\/v2\/posts\/501873\/revisions\/501875"}],"wp:featuredmedia":[{"embeddable":true,"href":"http:\/\/desarrollo.grupomedios.com\/futbol\/wp-json\/wp\/v2\/media\/501874"}],"wp:attachment":[{"href":"http:\/\/desarrollo.grupomedios.com\/futbol\/wp-json\/wp\/v2\/media?parent=501873"}],"wp:term":[{"taxonomy":"category","embeddable":true,"href":"http:\/\/desarrollo.grupomedios.com\/futbol\/wp-json\/wp\/v2\/categories?post=501873"},{"taxonomy":"post_tag","embeddable":true,"href":"http:\/\/desarrollo.grupomedios.com\/futbol\/wp-json\/wp\/v2\/tags?post=501873"}],"curies":[{"name":"wp","href":"https:\/\/api.w.org\/{rel}","templated":true}]}}