{"id":501878,"date":"2017-09-27T11:45:57","date_gmt":"2017-09-27T16:45:57","guid":{"rendered":"https:\/\/www.futboltotal.com.mx\/?p=501878"},"modified":"2017-09-27T11:45:57","modified_gmt":"2017-09-27T16:45:57","slug":"asi-cautivo-las-redes-una-nina-al-festejar-cristiano-ronaldo","status":"publish","type":"post","link":"http:\/\/desarrollo.grupomedios.com\/futbol\/videos\/asi-cautivo-las-redes-una-nina-al-festejar-cristiano-ronaldo\/2017\/09","title":{"rendered":"As\u00ed cautiv\u00f3 las redes una ni\u00f1a al festejar como Cristiano Ronaldo"},"content":{"rendered":"<p>Durante el encuentro en donde el <span style=\"color: #3366ff;\"><a href=\"https:\/\/www.futboltotal.com.mx\/2017\/09\/resultados-borussia-dortmund-1-3-real-madrid-champions-leacue-cronica\" target=\"_blank\" rel=\"noopener\">Real Madrid venci\u00f3 como visitante al Borussia Dortmund en la UEFA Champions League<\/a><\/span>, una peque\u00f1a aficionada del conjunto Merengue cautiv\u00f3 las redes sociales al ser captada festejando como <strong>Cristiano Ronaldo<\/strong>.<\/p>\n<p>Luego del gol del portugu\u00e9s que aument\u00f3 la ventaja para los <em>Merengues<\/em> en el segundo tiempo, la c\u00e1mara de televisi\u00f3n capt\u00f3 a la afici\u00f3n del Signal Iduna Park y ah\u00ed fue cuando se dio el momento donde grit\u00f3: &#8220;Siiiuuuh\u201d de <strong>Ronaldo<\/strong> y lo imit\u00f3 en sus movimientos de brazos y piernas.<\/p>\n<p style=\"text-align: center;\"><span style=\"color: #3366ff;\"><a href=\"https:\/\/www.futboltotal.com.mx\/2017\/09\/aficionado-entra-a-la-cancha-e-imita-festejo-de-cr7\/\">VER M\u00c1S: Aficionado entra a la cancha e imita festejo de CR7<\/a><\/span><\/p>\n<p><iframe loading=\"lazy\" src=\"https:\/\/www.youtube.com\/embed\/UhfsU0ZluUs?feature=oembed\" frameborder=\"0\" allowfullscreen><\/iframe><\/p>\n<p>El festejo de <strong>Cristiano<\/strong> ha sido tan popular, que ahora lleg\u00f3 al videojuego FIFA 18 como las nuevas celebraciones dentro de su repertorio.<\/p>\n<p><iframe loading=\"lazy\" src=\"https:\/\/www.youtube.com\/embed\/2PX_orT5YKU?feature=oembed\" frameborder=\"0\" allowfullscreen><\/iframe><\/p>\n","protected":false},"excerpt":{"rendered":"<p>La peque\u00f1a aficionada celebr\u00f3 como CR7<\/p>\n","protected":false},"author":20,"featured_media":501887,"comment_status":"closed","ping_status":"closed","sticky":false,"template":"","format":"standard","meta":[],"categories":[3839,4],"tags":[6013,5988],"_links":{"self":[{"href":"http:\/\/desarrollo.grupomedios.com\/futbol\/wp-json\/wp\/v2\/posts\/501878"}],"collection":[{"href":"http:\/\/desarrollo.grupomedios.com\/futbol\/wp-json\/wp\/v2\/posts"}],"about":[{"href":"http:\/\/desarrollo.grupomedios.com\/futbol\/wp-json\/wp\/v2\/types\/post"}],"author":[{"embeddable":true,"href":"http:\/\/desarrollo.grupomedios.com\/futbol\/wp-json\/wp\/v2\/users\/20"}],"replies":[{"embeddable":true,"href":"http:\/\/desarrollo.grupomedios.com\/futbol\/wp-json\/wp\/v2\/comments?post=501878"}],"version-history":[{"count":1,"href":"http:\/\/desarrollo.grupomedios.com\/futbol\/wp-json\/wp\/v2\/posts\/501878\/revisions"}],"predecessor-version":[{"id":501889,"href":"http:\/\/desarrollo.grupomedios.com\/futbol\/wp-json\/wp\/v2\/posts\/501878\/revisions\/501889"}],"wp:featuredmedia":[{"embeddable":true,"href":"http:\/\/desarrollo.grupomedios.com\/futbol\/wp-json\/wp\/v2\/media\/501887"}],"wp:attachment":[{"href":"http:\/\/desarrollo.grupomedios.com\/futbol\/wp-json\/wp\/v2\/media?parent=501878"}],"wp:term":[{"taxonomy":"category","embeddable":true,"href":"http:\/\/desarrollo.grupomedios.com\/futbol\/wp-json\/wp\/v2\/categories?post=501878"},{"taxonomy":"post_tag","embeddable":true,"href":"http:\/\/desarrollo.grupomedios.com\/futbol\/wp-json\/wp\/v2\/tags?post=501878"}],"curies":[{"name":"wp","href":"https:\/\/api.w.org\/{rel}","templated":true}]}}